{"id":4015,"date":"2022-08-29T10:55:45","date_gmt":"2022-08-29T08:55:45","guid":{"rendered":"https:\/\/diktardagar.no\/2022\/?p=4015"},"modified":"2022-08-29T13:50:16","modified_gmt":"2022-08-29T11:50:16","slug":"litteraturseminar-mat-malfore","status":"publish","type":"post","link":"https:\/\/diktardagar.no\/2022\/litteraturseminar-mat-malfore\/","title":{"rendered":"Litteraturseminar Mat &#038; m\u00e5lf\u00f8re"},"content":{"rendered":"\n<p>Tema for Diktardagar 2022 er mat og m\u00e5lf\u00f8re. Arne Brimi, ein av dei fremste ambassad\u00f8rane b\u00e5de for lokal mat og mattradisjon og for dialekten v\u00e5r, deltek p\u00e5 seminaret med f\u00f8redraget <em>Mat med identitet<\/em>. I pausen bidreg han med dugurd i Presthaugen saman med BrimiBue.<\/p>\n\n\n\n<p>I fjor skreiv Sanna Sarromaa kronikken <em>Dialekter er djevelens<\/em> og erta med dette p\u00e5 seg alle landets dialektforkjemparar. P\u00e5 seminaret deltek ho i paneldebatt med NRK-journalist Hans Andreas Solbakken og stipendiat Kirsti Lunde der dei bl.a. diskuterer bruk av dialekt i NRK. <\/p>\n\n\n\n<p>Christine Storm Munch (1746\u20131825) heldt store delar av livet til i prestegarden Ullinsvin i V\u00e5g\u00e5. Der skapte ho ein heilt spesiell urtehage og samla matoppskrifter. P\u00e5 seminaret held fylkesarkivar Marit Hosar f\u00f8redraget <em>Christine Storm Munch si kokebok fr\u00e5 1703\u20131806. Kva seier kokeboka om maten dei serverte ved V\u00e5g\u00e5 prestegard?<\/em> Her fortel ho om arbeidet med \u00e5 digitalisere kokeboka p\u00e5 900 handskrivne sider. <\/p>\n\n\n\n<p>Mange\u00e5rig NRK-journalist Henry Notaker, har studert spr\u00e5ket i kokeb\u00f8ker og held f\u00f8redrag om dette, stipendiat Kirsti Lunde har sett p\u00e5 koplinga mellom ottadalsdialektane og nynorsk, og Martin Steinum Brun har studert bruken av dialekt i musikk og song med vekt p\u00e5 visene til Edvard Storm. Elles f\u00e5r vi to kortare innslag om arbeidet med digitalisering av dialektboka <em>\u00abM\u00e5let i Lom og Skj\u00e5k\u00bb<\/em> ved Terje Randen og  Ingrid Glad vil presentere boka si, <em>Enkel kobling<\/em>. Magnhild Bruheim er programleiar. Velkomne til eit variert og innhaldsrikt litteraturseminar i Utgard laurdag.<\/p>\n\n\n\n<p><strong>Program<\/strong><br>09.00-09.10: Velkomen<br>09.10-09.30:&nbsp;<strong>Terje Randen<\/strong>:&nbsp;<em>Digitalisering av \u00abM\u00e5let i Lom og Skj\u00e5k\u00bb<\/em><br>09.30-10.15:&nbsp;<strong>Kirsti Lunde<\/strong>:&nbsp;<em>Ottadalsdialektar + nynorsk = sant?<\/em><br>10.15-11.00:&nbsp;<strong>Arne Brimi<\/strong>:&nbsp;<em>Mat med identitet<br><\/em>11.00-11.10: Pause<br>11.10-12.00:&nbsp;<strong>Sanna Sarromaa, Hans Andreas Solbakken og Kirsti Lunde<\/strong>&nbsp;i paneldebatt om dialektbruk kontra normalisert nynorsk\/bokm\u00e5l. Ordstyrar:&nbsp;<strong>Even Lus\u00e6ter<\/strong><\/p>\n\n\n\n<p>12.00-13.30:&nbsp;<strong>Dugurd i Presthaugen ved Arne Brimi og BrimiBue<\/strong><\/p>\n\n\n\n<p>13.30-13.50:&nbsp;<strong>Ingrid Glad:&nbsp;<\/strong>Samtale med&nbsp;<strong>Magnhild Bruheim<\/strong>&nbsp;om boka&nbsp;<em>Enkel kobling<br><\/em>13.50-14.10:&nbsp;<strong>Martin Steinum Brun:&nbsp;<\/strong><em>Dialekt i musikk og song med vekt p\u00e5 visene til Edvard Storm<\/em><br>14.10-14.50:&nbsp;<strong>Marit Hosar:&nbsp;<\/strong><em>Christine Storm Munch og kokebok hennar<\/em><br>14.50-15.00: Pause<br>15.00-15.45:&nbsp;<strong>Henry Notaker:<\/strong>&nbsp;<em>Spr\u00e5ket i kokeb\u00f8ker<\/em><\/p>\n\n\n\n<p>Seminarleiar:&nbsp;<strong>Magnhild Bruheim<\/strong><\/p>\n\n\n\n<p>Utstilling av ordsamlingar fr\u00e5 Ottadalen.<\/p>\n\n\n\n<p>P\u00e5melding: <a href=\"https:\/\/diktardagar.no\/2022\/events\/litteraturseminar\/ \">https:\/\/diktardagar.no\/2022\/events\/litteraturseminar\/ <\/a><\/p>\n\n\n\n<p>OBS: P\u00e5 grunn av stor interesse for debatten, g\u00e5r det an \u00e5 kj\u00f8pe billettar til denne ved inngangen til 200 kr. Betaling med vipps.<\/p>\n","protected":false},"excerpt":{"rendered":"<p>Tema for Diktardagar 2022 er mat og m\u00e5lf\u00f8re. Arne Brimi, ein av dei fremste ambassad\u00f8rane b\u00e5de for lokal mat og mattradisjon og for dialekten v\u00e5r, deltek p\u00e5 seminaret med f\u00f8redraget Mat med identitet. I pausen bidreg han med dugurd i Presthaugen saman med BrimiBue. I fjor skreiv Sanna Sarromaa kronikken Dialekter er djevelens og erta&hellip;<\/p>\n","protected":false},"author":9,"featured_media":4022,"comment_status":"closed","ping_status":"open","sticky":false,"template":"","format":"standard","meta":{"footnotes":""},"categories":[6],"tags":[],"class_list":["post-4015","post","type-post","status-publish","format-standard","has-post-thumbnail","hentry","category-nyheter"],"yoast_head":"<!-- This site is optimized with the Yoast SEO plugin v27.5 - https:\/\/yoast.com\/product\/yoast-seo-wordpress\/ -->\n<title>Litteraturseminar Mat &amp; m\u00e5lf\u00f8re - Diktardagar 2022<\/title>\n<meta name=\"robots\" content=\"index, follow, max-snippet:-1, max-image-preview:large, max-video-preview:-1\" \/>\n<link rel=\"canonical\" href=\"https:\/\/diktardagar.no\/2022\/litteraturseminar-mat-malfore\/\" class=\"yoast-seo-meta-tag\" \/>\n<meta property=\"og:locale\" content=\"nb_NO\" class=\"yoast-seo-meta-tag\" \/>\n<meta property=\"og:type\" content=\"article\" class=\"yoast-seo-meta-tag\" \/>\n<meta property=\"og:title\" content=\"Litteraturseminar Mat &amp; m\u00e5lf\u00f8re - Diktardagar 2022\" class=\"yoast-seo-meta-tag\" \/>\n<meta property=\"og:description\" content=\"Tema for Diktardagar 2022 er mat og m\u00e5lf\u00f8re. Arne Brimi, ein av dei fremste ambassad\u00f8rane b\u00e5de for lokal mat og mattradisjon og for dialekten v\u00e5r, deltek p\u00e5 seminaret med f\u00f8redraget Mat med identitet. I pausen bidreg han med dugurd i Presthaugen saman med BrimiBue. I fjor skreiv Sanna Sarromaa kronikken Dialekter er djevelens og erta&hellip;\" class=\"yoast-seo-meta-tag\" \/>\n<meta property=\"og:url\" content=\"https:\/\/diktardagar.no\/2022\/litteraturseminar-mat-malfore\/\" class=\"yoast-seo-meta-tag\" \/>\n<meta property=\"og:site_name\" content=\"Diktardagar 2022\" class=\"yoast-seo-meta-tag\" \/>\n<meta property=\"article:published_time\" content=\"2022-08-29T08:55:45+00:00\" class=\"yoast-seo-meta-tag\" \/>\n<meta property=\"article:modified_time\" content=\"2022-08-29T11:50:16+00:00\" class=\"yoast-seo-meta-tag\" \/>\n<meta property=\"og:image\" content=\"https:\/\/diktardagar.no\/2022\/wp-content\/uploads\/sites\/15\/2022\/08\/Seminaret.png\" class=\"yoast-seo-meta-tag\" \/>\n\t<meta property=\"og:image:width\" content=\"913\" class=\"yoast-seo-meta-tag\" \/>\n\t<meta property=\"og:image:height\" content=\"623\" class=\"yoast-seo-meta-tag\" \/>\n\t<meta property=\"og:image:type\" content=\"image\/png\" class=\"yoast-seo-meta-tag\" \/>\n<meta name=\"author\" content=\"Rita Mundal\" class=\"yoast-seo-meta-tag\" \/>\n<meta name=\"twitter:card\" content=\"summary_large_image\" class=\"yoast-seo-meta-tag\" \/>\n<meta name=\"twitter:label1\" content=\"Skrevet av\" class=\"yoast-seo-meta-tag\" \/>\n\t<meta name=\"twitter:data1\" content=\"Rita Mundal\" class=\"yoast-seo-meta-tag\" \/>\n\t<meta name=\"twitter:label2\" content=\"Ansl. lesetid\" class=\"yoast-seo-meta-tag\" \/>\n\t<meta name=\"twitter:data2\" content=\"3 minutter\" class=\"yoast-seo-meta-tag\" \/>\n<script type=\"application\/ld+json\" class=\"yoast-schema-graph\">{\"@context\":\"https:\\\/\\\/schema.org\",\"@graph\":[{\"@type\":\"Article\",\"@id\":\"https:\\\/\\\/diktardagar.no\\\/2022\\\/litteraturseminar-mat-malfore\\\/#article\",\"isPartOf\":{\"@id\":\"https:\\\/\\\/diktardagar.no\\\/2022\\\/litteraturseminar-mat-malfore\\\/\"},\"author\":{\"name\":\"Rita Mundal\",\"@id\":\"https:\\\/\\\/diktardagar.no\\\/2022\\\/#\\\/schema\\\/person\\\/7fb47f233ba95e2647bcb7272f62fb8d\"},\"headline\":\"Litteraturseminar Mat &#038; m\u00e5lf\u00f8re\",\"datePublished\":\"2022-08-29T08:55:45+00:00\",\"dateModified\":\"2022-08-29T11:50:16+00:00\",\"mainEntityOfPage\":{\"@id\":\"https:\\\/\\\/diktardagar.no\\\/2022\\\/litteraturseminar-mat-malfore\\\/\"},\"wordCount\":420,\"image\":{\"@id\":\"https:\\\/\\\/diktardagar.no\\\/2022\\\/litteraturseminar-mat-malfore\\\/#primaryimage\"},\"thumbnailUrl\":\"https:\\\/\\\/diktardagar.no\\\/2022\\\/wp-content\\\/uploads\\\/sites\\\/15\\\/2022\\\/08\\\/Seminaret.png\",\"articleSection\":[\"Nyheter\"],\"inLanguage\":\"nb-NO\"},{\"@type\":\"WebPage\",\"@id\":\"https:\\\/\\\/diktardagar.no\\\/2022\\\/litteraturseminar-mat-malfore\\\/\",\"url\":\"https:\\\/\\\/diktardagar.no\\\/2022\\\/litteraturseminar-mat-malfore\\\/\",\"name\":\"Litteraturseminar Mat & m\u00e5lf\u00f8re - Diktardagar 2022\",\"isPartOf\":{\"@id\":\"https:\\\/\\\/diktardagar.no\\\/2022\\\/#website\"},\"primaryImageOfPage\":{\"@id\":\"https:\\\/\\\/diktardagar.no\\\/2022\\\/litteraturseminar-mat-malfore\\\/#primaryimage\"},\"image\":{\"@id\":\"https:\\\/\\\/diktardagar.no\\\/2022\\\/litteraturseminar-mat-malfore\\\/#primaryimage\"},\"thumbnailUrl\":\"https:\\\/\\\/diktardagar.no\\\/2022\\\/wp-content\\\/uploads\\\/sites\\\/15\\\/2022\\\/08\\\/Seminaret.png\",\"datePublished\":\"2022-08-29T08:55:45+00:00\",\"dateModified\":\"2022-08-29T11:50:16+00:00\",\"author\":{\"@id\":\"https:\\\/\\\/diktardagar.no\\\/2022\\\/#\\\/schema\\\/person\\\/7fb47f233ba95e2647bcb7272f62fb8d\"},\"breadcrumb\":{\"@id\":\"https:\\\/\\\/diktardagar.no\\\/2022\\\/litteraturseminar-mat-malfore\\\/#breadcrumb\"},\"inLanguage\":\"nb-NO\",\"potentialAction\":[{\"@type\":\"ReadAction\",\"target\":[\"https:\\\/\\\/diktardagar.no\\\/2022\\\/litteraturseminar-mat-malfore\\\/\"]}]},{\"@type\":\"ImageObject\",\"inLanguage\":\"nb-NO\",\"@id\":\"https:\\\/\\\/diktardagar.no\\\/2022\\\/litteraturseminar-mat-malfore\\\/#primaryimage\",\"url\":\"https:\\\/\\\/diktardagar.no\\\/2022\\\/wp-content\\\/uploads\\\/sites\\\/15\\\/2022\\\/08\\\/Seminaret.png\",\"contentUrl\":\"https:\\\/\\\/diktardagar.no\\\/2022\\\/wp-content\\\/uploads\\\/sites\\\/15\\\/2022\\\/08\\\/Seminaret.png\",\"width\":913,\"height\":623},{\"@type\":\"BreadcrumbList\",\"@id\":\"https:\\\/\\\/diktardagar.no\\\/2022\\\/litteraturseminar-mat-malfore\\\/#breadcrumb\",\"itemListElement\":[{\"@type\":\"ListItem\",\"position\":1,\"name\":\"Hjem\",\"item\":\"https:\\\/\\\/diktardagar.no\\\/2022\\\/\"},{\"@type\":\"ListItem\",\"position\":2,\"name\":\"Litteraturseminar Mat &#038; m\u00e5lf\u00f8re\"}]},{\"@type\":\"WebSite\",\"@id\":\"https:\\\/\\\/diktardagar.no\\\/2022\\\/#website\",\"url\":\"https:\\\/\\\/diktardagar.no\\\/2022\\\/\",\"name\":\"Diktardagar 2022\",\"description\":\"\",\"potentialAction\":[{\"@type\":\"SearchAction\",\"target\":{\"@type\":\"EntryPoint\",\"urlTemplate\":\"https:\\\/\\\/diktardagar.no\\\/2022\\\/?s={search_term_string}\"},\"query-input\":{\"@type\":\"PropertyValueSpecification\",\"valueRequired\":true,\"valueName\":\"search_term_string\"}}],\"inLanguage\":\"nb-NO\"},{\"@type\":\"Person\",\"@id\":\"https:\\\/\\\/diktardagar.no\\\/2022\\\/#\\\/schema\\\/person\\\/7fb47f233ba95e2647bcb7272f62fb8d\",\"name\":\"Rita Mundal\",\"image\":{\"@type\":\"ImageObject\",\"inLanguage\":\"nb-NO\",\"@id\":\"https:\\\/\\\/secure.gravatar.com\\\/avatar\\\/228396b8b9e76ae3583b1bccf5409689b305059981e143d0929be483a9a2767b?s=96&d=mm&r=g\",\"url\":\"https:\\\/\\\/secure.gravatar.com\\\/avatar\\\/228396b8b9e76ae3583b1bccf5409689b305059981e143d0929be483a9a2767b?s=96&d=mm&r=g\",\"contentUrl\":\"https:\\\/\\\/secure.gravatar.com\\\/avatar\\\/228396b8b9e76ae3583b1bccf5409689b305059981e143d0929be483a9a2767b?s=96&d=mm&r=g\",\"caption\":\"Rita Mundal\"},\"sameAs\":[\"http:\\\/\\\/www.lom.kommune.no\"],\"url\":\"https:\\\/\\\/diktardagar.no\\\/2022\\\/author\\\/rita\\\/\"}]}<\/script>\n<!-- \/ Yoast SEO plugin. -->","yoast_head_json":{"title":"Litteraturseminar Mat & m\u00e5lf\u00f8re - Diktardagar 2022","robots":{"index":"index","follow":"follow","max-snippet":"max-snippet:-1","max-image-preview":"max-image-preview:large","max-video-preview":"max-video-preview:-1"},"canonical":"https:\/\/diktardagar.no\/2022\/litteraturseminar-mat-malfore\/","og_locale":"nb_NO","og_type":"article","og_title":"Litteraturseminar Mat & m\u00e5lf\u00f8re - Diktardagar 2022","og_description":"Tema for Diktardagar 2022 er mat og m\u00e5lf\u00f8re. Arne Brimi, ein av dei fremste ambassad\u00f8rane b\u00e5de for lokal mat og mattradisjon og for dialekten v\u00e5r, deltek p\u00e5 seminaret med f\u00f8redraget Mat med identitet. I pausen bidreg han med dugurd i Presthaugen saman med BrimiBue. I fjor skreiv Sanna Sarromaa kronikken Dialekter er djevelens og erta&hellip;","og_url":"https:\/\/diktardagar.no\/2022\/litteraturseminar-mat-malfore\/","og_site_name":"Diktardagar 2022","article_published_time":"2022-08-29T08:55:45+00:00","article_modified_time":"2022-08-29T11:50:16+00:00","og_image":[{"width":913,"height":623,"url":"https:\/\/diktardagar.no\/2022\/wp-content\/uploads\/sites\/15\/2022\/08\/Seminaret.png","type":"image\/png"}],"author":"Rita Mundal","twitter_card":"summary_large_image","twitter_misc":{"Skrevet av":"Rita Mundal","Ansl. lesetid":"3 minutter"},"schema":{"@context":"https:\/\/schema.org","@graph":[{"@type":"Article","@id":"https:\/\/diktardagar.no\/2022\/litteraturseminar-mat-malfore\/#article","isPartOf":{"@id":"https:\/\/diktardagar.no\/2022\/litteraturseminar-mat-malfore\/"},"author":{"name":"Rita Mundal","@id":"https:\/\/diktardagar.no\/2022\/#\/schema\/person\/7fb47f233ba95e2647bcb7272f62fb8d"},"headline":"Litteraturseminar Mat &#038; m\u00e5lf\u00f8re","datePublished":"2022-08-29T08:55:45+00:00","dateModified":"2022-08-29T11:50:16+00:00","mainEntityOfPage":{"@id":"https:\/\/diktardagar.no\/2022\/litteraturseminar-mat-malfore\/"},"wordCount":420,"image":{"@id":"https:\/\/diktardagar.no\/2022\/litteraturseminar-mat-malfore\/#primaryimage"},"thumbnailUrl":"https:\/\/diktardagar.no\/2022\/wp-content\/uploads\/sites\/15\/2022\/08\/Seminaret.png","articleSection":["Nyheter"],"inLanguage":"nb-NO"},{"@type":"WebPage","@id":"https:\/\/diktardagar.no\/2022\/litteraturseminar-mat-malfore\/","url":"https:\/\/diktardagar.no\/2022\/litteraturseminar-mat-malfore\/","name":"Litteraturseminar Mat & m\u00e5lf\u00f8re - Diktardagar 2022","isPartOf":{"@id":"https:\/\/diktardagar.no\/2022\/#website"},"primaryImageOfPage":{"@id":"https:\/\/diktardagar.no\/2022\/litteraturseminar-mat-malfore\/#primaryimage"},"image":{"@id":"https:\/\/diktardagar.no\/2022\/litteraturseminar-mat-malfore\/#primaryimage"},"thumbnailUrl":"https:\/\/diktardagar.no\/2022\/wp-content\/uploads\/sites\/15\/2022\/08\/Seminaret.png","datePublished":"2022-08-29T08:55:45+00:00","dateModified":"2022-08-29T11:50:16+00:00","author":{"@id":"https:\/\/diktardagar.no\/2022\/#\/schema\/person\/7fb47f233ba95e2647bcb7272f62fb8d"},"breadcrumb":{"@id":"https:\/\/diktardagar.no\/2022\/litteraturseminar-mat-malfore\/#breadcrumb"},"inLanguage":"nb-NO","potentialAction":[{"@type":"ReadAction","target":["https:\/\/diktardagar.no\/2022\/litteraturseminar-mat-malfore\/"]}]},{"@type":"ImageObject","inLanguage":"nb-NO","@id":"https:\/\/diktardagar.no\/2022\/litteraturseminar-mat-malfore\/#primaryimage","url":"https:\/\/diktardagar.no\/2022\/wp-content\/uploads\/sites\/15\/2022\/08\/Seminaret.png","contentUrl":"https:\/\/diktardagar.no\/2022\/wp-content\/uploads\/sites\/15\/2022\/08\/Seminaret.png","width":913,"height":623},{"@type":"BreadcrumbList","@id":"https:\/\/diktardagar.no\/2022\/litteraturseminar-mat-malfore\/#breadcrumb","itemListElement":[{"@type":"ListItem","position":1,"name":"Hjem","item":"https:\/\/diktardagar.no\/2022\/"},{"@type":"ListItem","position":2,"name":"Litteraturseminar Mat &#038; m\u00e5lf\u00f8re"}]},{"@type":"WebSite","@id":"https:\/\/diktardagar.no\/2022\/#website","url":"https:\/\/diktardagar.no\/2022\/","name":"Diktardagar 2022","description":"","potentialAction":[{"@type":"SearchAction","target":{"@type":"EntryPoint","urlTemplate":"https:\/\/diktardagar.no\/2022\/?s={search_term_string}"},"query-input":{"@type":"PropertyValueSpecification","valueRequired":true,"valueName":"search_term_string"}}],"inLanguage":"nb-NO"},{"@type":"Person","@id":"https:\/\/diktardagar.no\/2022\/#\/schema\/person\/7fb47f233ba95e2647bcb7272f62fb8d","name":"Rita Mundal","image":{"@type":"ImageObject","inLanguage":"nb-NO","@id":"https:\/\/secure.gravatar.com\/avatar\/228396b8b9e76ae3583b1bccf5409689b305059981e143d0929be483a9a2767b?s=96&d=mm&r=g","url":"https:\/\/secure.gravatar.com\/avatar\/228396b8b9e76ae3583b1bccf5409689b305059981e143d0929be483a9a2767b?s=96&d=mm&r=g","contentUrl":"https:\/\/secure.gravatar.com\/avatar\/228396b8b9e76ae3583b1bccf5409689b305059981e143d0929be483a9a2767b?s=96&d=mm&r=g","caption":"Rita Mundal"},"sameAs":["http:\/\/www.lom.kommune.no"],"url":"https:\/\/diktardagar.no\/2022\/author\/rita\/"}]}},"_links":{"self":[{"href":"https:\/\/diktardagar.no\/2022\/wp-json\/wp\/v2\/posts\/4015","targetHints":{"allow":["GET"]}}],"collection":[{"href":"https:\/\/diktardagar.no\/2022\/wp-json\/wp\/v2\/posts"}],"about":[{"href":"https:\/\/diktardagar.no\/2022\/wp-json\/wp\/v2\/types\/post"}],"author":[{"embeddable":true,"href":"https:\/\/diktardagar.no\/2022\/wp-json\/wp\/v2\/users\/9"}],"replies":[{"embeddable":true,"href":"https:\/\/diktardagar.no\/2022\/wp-json\/wp\/v2\/comments?post=4015"}],"version-history":[{"count":7,"href":"https:\/\/diktardagar.no\/2022\/wp-json\/wp\/v2\/posts\/4015\/revisions"}],"predecessor-version":[{"id":4029,"href":"https:\/\/diktardagar.no\/2022\/wp-json\/wp\/v2\/posts\/4015\/revisions\/4029"}],"wp:featuredmedia":[{"embeddable":true,"href":"https:\/\/diktardagar.no\/2022\/wp-json\/wp\/v2\/media\/4022"}],"wp:attachment":[{"href":"https:\/\/diktardagar.no\/2022\/wp-json\/wp\/v2\/media?parent=4015"}],"wp:term":[{"taxonomy":"category","embeddable":true,"href":"https:\/\/diktardagar.no\/2022\/wp-json\/wp\/v2\/categories?post=4015"},{"taxonomy":"post_tag","embeddable":true,"href":"https:\/\/diktardagar.no\/2022\/wp-json\/wp\/v2\/tags?post=4015"}],"curies":[{"name":"wp","href":"https:\/\/api.w.org\/{rel}","templated":true}]}}