{"id":3919,"date":"2022-05-25T14:07:58","date_gmt":"2022-05-25T12:07:58","guid":{"rendered":"https:\/\/diktardagar.no\/2022\/?p=3919"},"modified":"2022-08-29T15:28:51","modified_gmt":"2022-08-29T13:28:51","slug":"dialektdebatt","status":"publish","type":"post","link":"https:\/\/diktardagar.no\/2022\/dialektdebatt\/","title":{"rendered":"Dialektdebatt"},"content":{"rendered":"\n<p>I fjor erta Sanna Sarromaa p\u00e5 seg dialektforkjemparar med kronikken <a href=\"https:\/\/www.vg.no\/nyheter\/meninger\/i\/dlXGLz\/dialekter-er-djevelens-verk\">Dialekter er djevelens verk<\/a>. P\u00e5 litteraturseminaret barkar ho i hop med NRK-journalist Hans Andreas Solbakken og stipendiat Kirsti Lunde. Dei skal blant anna diskutere bruk av dialekt i NRK. <\/p>\n\n\n\n<p>\u00abMange nordmenn synes dialekter er noe \u00e5 v\u00e6re stolt av. Mange, spesielt vi innvandrere, synes at dialekter er Satans verk. Det er mange programmer p\u00e5 radio og TV som ikke er tilgjengelige for oss utlendinger\u00bb. Sanna Sarromaa er ein meister i \u00e5 bore der det gjer mest vondt i norsk stoltheit og nasjonalkjensle, og utsegn som dette var noko av det som sette sinna i kok. <\/p>\n\n\n\n<p>Hans Andreas Solbakken fr\u00e5 Lom er stolt dialektbrukar. Han talar lomver s\u00e5 mykje som det let seg gjera, om det er p\u00e5 sk\u00f8yteisen, i Norge Rundt eller i VM i sjakk. Kirsti Lunde er ogs\u00e5 opphavleg fr\u00e5 Lom. Ho er n\u00e5 stipendiat p\u00e5 Institutt for spr\u00e5k, litteratur, matematikk og tolking p\u00e5 H\u00f8gskulen p\u00e5 Vestlandet og er leiar for Sogndal m\u00e5llag. Vi ser fram til ein frisk debatt om dialekt, normalisert nynorsk og bokm\u00e5l. Journalist i NRK, Even Lus\u00e6ter, leier debatten. Det kan bli j\u00e6lma kv\u00e6kt! <\/p>\n\n\n\n<p><em>P\u00e5 grunn av stor interesse for debatten, g\u00e5r det an \u00e5 kj\u00f8pe billettar til denne ved inngangen til 200 kr. Betaling med vipps.<\/em><\/p>\n","protected":false},"excerpt":{"rendered":"<p>I fjor erta Sanna Sarromaa p\u00e5 seg dialektforkjemparar med kronikken Dialekter er djevelens verk. P\u00e5 litteraturseminaret barkar ho i hop med NRK-journalist Hans Andreas Solbakken og stipendiat Kirsti Lunde. Dei skal blant anna diskutere bruk av dialekt i NRK. \u00abMange nordmenn synes dialekter er noe \u00e5 v\u00e6re stolt av. Mange, spesielt vi innvandrere, synes at&hellip;<\/p>\n","protected":false},"author":9,"featured_media":3920,"comment_status":"closed","ping_status":"open","sticky":false,"template":"","format":"standard","meta":{"footnotes":""},"categories":[6],"tags":[],"class_list":["post-3919","post","type-post","status-publish","format-standard","has-post-thumbnail","hentry","category-nyheter"],"yoast_head":"<!-- This site is optimized with the Yoast SEO plugin v27.5 - https:\/\/yoast.com\/product\/yoast-seo-wordpress\/ -->\n<title>Dialektdebatt - Diktardagar 2022<\/title>\n<meta name=\"robots\" content=\"index, follow, max-snippet:-1, max-image-preview:large, max-video-preview:-1\" \/>\n<link rel=\"canonical\" href=\"https:\/\/diktardagar.no\/2022\/dialektdebatt\/\" class=\"yoast-seo-meta-tag\" \/>\n<meta property=\"og:locale\" content=\"nb_NO\" class=\"yoast-seo-meta-tag\" \/>\n<meta property=\"og:type\" content=\"article\" class=\"yoast-seo-meta-tag\" \/>\n<meta property=\"og:title\" content=\"Dialektdebatt - Diktardagar 2022\" class=\"yoast-seo-meta-tag\" \/>\n<meta property=\"og:description\" content=\"I fjor erta Sanna Sarromaa p\u00e5 seg dialektforkjemparar med kronikken Dialekter er djevelens verk. P\u00e5 litteraturseminaret barkar ho i hop med NRK-journalist Hans Andreas Solbakken og stipendiat Kirsti Lunde. Dei skal blant anna diskutere bruk av dialekt i NRK. \u00abMange nordmenn synes dialekter er noe \u00e5 v\u00e6re stolt av. Mange, spesielt vi innvandrere, synes at&hellip;\" class=\"yoast-seo-meta-tag\" \/>\n<meta property=\"og:url\" content=\"https:\/\/diktardagar.no\/2022\/dialektdebatt\/\" class=\"yoast-seo-meta-tag\" \/>\n<meta property=\"og:site_name\" content=\"Diktardagar 2022\" class=\"yoast-seo-meta-tag\" \/>\n<meta property=\"article:published_time\" content=\"2022-05-25T12:07:58+00:00\" class=\"yoast-seo-meta-tag\" \/>\n<meta property=\"article:modified_time\" content=\"2022-08-29T13:28:51+00:00\" class=\"yoast-seo-meta-tag\" \/>\n<meta property=\"og:image\" content=\"https:\/\/diktardagar.no\/2022\/wp-content\/uploads\/sites\/15\/2022\/05\/Debatten-1000.png\" class=\"yoast-seo-meta-tag\" \/>\n\t<meta property=\"og:image:width\" content=\"1000\" class=\"yoast-seo-meta-tag\" \/>\n\t<meta property=\"og:image:height\" content=\"563\" class=\"yoast-seo-meta-tag\" \/>\n\t<meta property=\"og:image:type\" content=\"image\/png\" class=\"yoast-seo-meta-tag\" \/>\n<meta name=\"author\" content=\"Rita Mundal\" class=\"yoast-seo-meta-tag\" \/>\n<meta name=\"twitter:card\" content=\"summary_large_image\" class=\"yoast-seo-meta-tag\" \/>\n<meta name=\"twitter:label1\" content=\"Skrevet av\" class=\"yoast-seo-meta-tag\" \/>\n\t<meta name=\"twitter:data1\" content=\"Rita Mundal\" class=\"yoast-seo-meta-tag\" \/>\n\t<meta name=\"twitter:label2\" content=\"Ansl. lesetid\" class=\"yoast-seo-meta-tag\" \/>\n\t<meta name=\"twitter:data2\" content=\"2 minutter\" class=\"yoast-seo-meta-tag\" \/>\n<script type=\"application\/ld+json\" class=\"yoast-schema-graph\">{\"@context\":\"https:\\\/\\\/schema.org\",\"@graph\":[{\"@type\":\"Article\",\"@id\":\"https:\\\/\\\/diktardagar.no\\\/2022\\\/dialektdebatt\\\/#article\",\"isPartOf\":{\"@id\":\"https:\\\/\\\/diktardagar.no\\\/2022\\\/dialektdebatt\\\/\"},\"author\":{\"name\":\"Rita Mundal\",\"@id\":\"https:\\\/\\\/diktardagar.no\\\/2022\\\/#\\\/schema\\\/person\\\/7fb47f233ba95e2647bcb7272f62fb8d\"},\"headline\":\"Dialektdebatt\",\"datePublished\":\"2022-05-25T12:07:58+00:00\",\"dateModified\":\"2022-08-29T13:28:51+00:00\",\"mainEntityOfPage\":{\"@id\":\"https:\\\/\\\/diktardagar.no\\\/2022\\\/dialektdebatt\\\/\"},\"wordCount\":221,\"image\":{\"@id\":\"https:\\\/\\\/diktardagar.no\\\/2022\\\/dialektdebatt\\\/#primaryimage\"},\"thumbnailUrl\":\"https:\\\/\\\/diktardagar.no\\\/2022\\\/wp-content\\\/uploads\\\/sites\\\/15\\\/2022\\\/05\\\/Debatten-1000.png\",\"articleSection\":[\"Nyheter\"],\"inLanguage\":\"nb-NO\"},{\"@type\":\"WebPage\",\"@id\":\"https:\\\/\\\/diktardagar.no\\\/2022\\\/dialektdebatt\\\/\",\"url\":\"https:\\\/\\\/diktardagar.no\\\/2022\\\/dialektdebatt\\\/\",\"name\":\"Dialektdebatt - Diktardagar 2022\",\"isPartOf\":{\"@id\":\"https:\\\/\\\/diktardagar.no\\\/2022\\\/#website\"},\"primaryImageOfPage\":{\"@id\":\"https:\\\/\\\/diktardagar.no\\\/2022\\\/dialektdebatt\\\/#primaryimage\"},\"image\":{\"@id\":\"https:\\\/\\\/diktardagar.no\\\/2022\\\/dialektdebatt\\\/#primaryimage\"},\"thumbnailUrl\":\"https:\\\/\\\/diktardagar.no\\\/2022\\\/wp-content\\\/uploads\\\/sites\\\/15\\\/2022\\\/05\\\/Debatten-1000.png\",\"datePublished\":\"2022-05-25T12:07:58+00:00\",\"dateModified\":\"2022-08-29T13:28:51+00:00\",\"author\":{\"@id\":\"https:\\\/\\\/diktardagar.no\\\/2022\\\/#\\\/schema\\\/person\\\/7fb47f233ba95e2647bcb7272f62fb8d\"},\"breadcrumb\":{\"@id\":\"https:\\\/\\\/diktardagar.no\\\/2022\\\/dialektdebatt\\\/#breadcrumb\"},\"inLanguage\":\"nb-NO\",\"potentialAction\":[{\"@type\":\"ReadAction\",\"target\":[\"https:\\\/\\\/diktardagar.no\\\/2022\\\/dialektdebatt\\\/\"]}]},{\"@type\":\"ImageObject\",\"inLanguage\":\"nb-NO\",\"@id\":\"https:\\\/\\\/diktardagar.no\\\/2022\\\/dialektdebatt\\\/#primaryimage\",\"url\":\"https:\\\/\\\/diktardagar.no\\\/2022\\\/wp-content\\\/uploads\\\/sites\\\/15\\\/2022\\\/05\\\/Debatten-1000.png\",\"contentUrl\":\"https:\\\/\\\/diktardagar.no\\\/2022\\\/wp-content\\\/uploads\\\/sites\\\/15\\\/2022\\\/05\\\/Debatten-1000.png\",\"width\":1000,\"height\":563},{\"@type\":\"BreadcrumbList\",\"@id\":\"https:\\\/\\\/diktardagar.no\\\/2022\\\/dialektdebatt\\\/#breadcrumb\",\"itemListElement\":[{\"@type\":\"ListItem\",\"position\":1,\"name\":\"Hjem\",\"item\":\"https:\\\/\\\/diktardagar.no\\\/2022\\\/\"},{\"@type\":\"ListItem\",\"position\":2,\"name\":\"Dialektdebatt\"}]},{\"@type\":\"WebSite\",\"@id\":\"https:\\\/\\\/diktardagar.no\\\/2022\\\/#website\",\"url\":\"https:\\\/\\\/diktardagar.no\\\/2022\\\/\",\"name\":\"Diktardagar 2022\",\"description\":\"\",\"potentialAction\":[{\"@type\":\"SearchAction\",\"target\":{\"@type\":\"EntryPoint\",\"urlTemplate\":\"https:\\\/\\\/diktardagar.no\\\/2022\\\/?s={search_term_string}\"},\"query-input\":{\"@type\":\"PropertyValueSpecification\",\"valueRequired\":true,\"valueName\":\"search_term_string\"}}],\"inLanguage\":\"nb-NO\"},{\"@type\":\"Person\",\"@id\":\"https:\\\/\\\/diktardagar.no\\\/2022\\\/#\\\/schema\\\/person\\\/7fb47f233ba95e2647bcb7272f62fb8d\",\"name\":\"Rita Mundal\",\"image\":{\"@type\":\"ImageObject\",\"inLanguage\":\"nb-NO\",\"@id\":\"https:\\\/\\\/secure.gravatar.com\\\/avatar\\\/228396b8b9e76ae3583b1bccf5409689b305059981e143d0929be483a9a2767b?s=96&d=mm&r=g\",\"url\":\"https:\\\/\\\/secure.gravatar.com\\\/avatar\\\/228396b8b9e76ae3583b1bccf5409689b305059981e143d0929be483a9a2767b?s=96&d=mm&r=g\",\"contentUrl\":\"https:\\\/\\\/secure.gravatar.com\\\/avatar\\\/228396b8b9e76ae3583b1bccf5409689b305059981e143d0929be483a9a2767b?s=96&d=mm&r=g\",\"caption\":\"Rita Mundal\"},\"sameAs\":[\"http:\\\/\\\/www.lom.kommune.no\"],\"url\":\"https:\\\/\\\/diktardagar.no\\\/2022\\\/author\\\/rita\\\/\"}]}<\/script>\n<!-- \/ Yoast SEO plugin. -->","yoast_head_json":{"title":"Dialektdebatt - Diktardagar 2022","robots":{"index":"index","follow":"follow","max-snippet":"max-snippet:-1","max-image-preview":"max-image-preview:large","max-video-preview":"max-video-preview:-1"},"canonical":"https:\/\/diktardagar.no\/2022\/dialektdebatt\/","og_locale":"nb_NO","og_type":"article","og_title":"Dialektdebatt - Diktardagar 2022","og_description":"I fjor erta Sanna Sarromaa p\u00e5 seg dialektforkjemparar med kronikken Dialekter er djevelens verk. P\u00e5 litteraturseminaret barkar ho i hop med NRK-journalist Hans Andreas Solbakken og stipendiat Kirsti Lunde. Dei skal blant anna diskutere bruk av dialekt i NRK. \u00abMange nordmenn synes dialekter er noe \u00e5 v\u00e6re stolt av. Mange, spesielt vi innvandrere, synes at&hellip;","og_url":"https:\/\/diktardagar.no\/2022\/dialektdebatt\/","og_site_name":"Diktardagar 2022","article_published_time":"2022-05-25T12:07:58+00:00","article_modified_time":"2022-08-29T13:28:51+00:00","og_image":[{"width":1000,"height":563,"url":"https:\/\/diktardagar.no\/2022\/wp-content\/uploads\/sites\/15\/2022\/05\/Debatten-1000.png","type":"image\/png"}],"author":"Rita Mundal","twitter_card":"summary_large_image","twitter_misc":{"Skrevet av":"Rita Mundal","Ansl. lesetid":"2 minutter"},"schema":{"@context":"https:\/\/schema.org","@graph":[{"@type":"Article","@id":"https:\/\/diktardagar.no\/2022\/dialektdebatt\/#article","isPartOf":{"@id":"https:\/\/diktardagar.no\/2022\/dialektdebatt\/"},"author":{"name":"Rita Mundal","@id":"https:\/\/diktardagar.no\/2022\/#\/schema\/person\/7fb47f233ba95e2647bcb7272f62fb8d"},"headline":"Dialektdebatt","datePublished":"2022-05-25T12:07:58+00:00","dateModified":"2022-08-29T13:28:51+00:00","mainEntityOfPage":{"@id":"https:\/\/diktardagar.no\/2022\/dialektdebatt\/"},"wordCount":221,"image":{"@id":"https:\/\/diktardagar.no\/2022\/dialektdebatt\/#primaryimage"},"thumbnailUrl":"https:\/\/diktardagar.no\/2022\/wp-content\/uploads\/sites\/15\/2022\/05\/Debatten-1000.png","articleSection":["Nyheter"],"inLanguage":"nb-NO"},{"@type":"WebPage","@id":"https:\/\/diktardagar.no\/2022\/dialektdebatt\/","url":"https:\/\/diktardagar.no\/2022\/dialektdebatt\/","name":"Dialektdebatt - Diktardagar 2022","isPartOf":{"@id":"https:\/\/diktardagar.no\/2022\/#website"},"primaryImageOfPage":{"@id":"https:\/\/diktardagar.no\/2022\/dialektdebatt\/#primaryimage"},"image":{"@id":"https:\/\/diktardagar.no\/2022\/dialektdebatt\/#primaryimage"},"thumbnailUrl":"https:\/\/diktardagar.no\/2022\/wp-content\/uploads\/sites\/15\/2022\/05\/Debatten-1000.png","datePublished":"2022-05-25T12:07:58+00:00","dateModified":"2022-08-29T13:28:51+00:00","author":{"@id":"https:\/\/diktardagar.no\/2022\/#\/schema\/person\/7fb47f233ba95e2647bcb7272f62fb8d"},"breadcrumb":{"@id":"https:\/\/diktardagar.no\/2022\/dialektdebatt\/#breadcrumb"},"inLanguage":"nb-NO","potentialAction":[{"@type":"ReadAction","target":["https:\/\/diktardagar.no\/2022\/dialektdebatt\/"]}]},{"@type":"ImageObject","inLanguage":"nb-NO","@id":"https:\/\/diktardagar.no\/2022\/dialektdebatt\/#primaryimage","url":"https:\/\/diktardagar.no\/2022\/wp-content\/uploads\/sites\/15\/2022\/05\/Debatten-1000.png","contentUrl":"https:\/\/diktardagar.no\/2022\/wp-content\/uploads\/sites\/15\/2022\/05\/Debatten-1000.png","width":1000,"height":563},{"@type":"BreadcrumbList","@id":"https:\/\/diktardagar.no\/2022\/dialektdebatt\/#breadcrumb","itemListElement":[{"@type":"ListItem","position":1,"name":"Hjem","item":"https:\/\/diktardagar.no\/2022\/"},{"@type":"ListItem","position":2,"name":"Dialektdebatt"}]},{"@type":"WebSite","@id":"https:\/\/diktardagar.no\/2022\/#website","url":"https:\/\/diktardagar.no\/2022\/","name":"Diktardagar 2022","description":"","potentialAction":[{"@type":"SearchAction","target":{"@type":"EntryPoint","urlTemplate":"https:\/\/diktardagar.no\/2022\/?s={search_term_string}"},"query-input":{"@type":"PropertyValueSpecification","valueRequired":true,"valueName":"search_term_string"}}],"inLanguage":"nb-NO"},{"@type":"Person","@id":"https:\/\/diktardagar.no\/2022\/#\/schema\/person\/7fb47f233ba95e2647bcb7272f62fb8d","name":"Rita Mundal","image":{"@type":"ImageObject","inLanguage":"nb-NO","@id":"https:\/\/secure.gravatar.com\/avatar\/228396b8b9e76ae3583b1bccf5409689b305059981e143d0929be483a9a2767b?s=96&d=mm&r=g","url":"https:\/\/secure.gravatar.com\/avatar\/228396b8b9e76ae3583b1bccf5409689b305059981e143d0929be483a9a2767b?s=96&d=mm&r=g","contentUrl":"https:\/\/secure.gravatar.com\/avatar\/228396b8b9e76ae3583b1bccf5409689b305059981e143d0929be483a9a2767b?s=96&d=mm&r=g","caption":"Rita Mundal"},"sameAs":["http:\/\/www.lom.kommune.no"],"url":"https:\/\/diktardagar.no\/2022\/author\/rita\/"}]}},"_links":{"self":[{"href":"https:\/\/diktardagar.no\/2022\/wp-json\/wp\/v2\/posts\/3919","targetHints":{"allow":["GET"]}}],"collection":[{"href":"https:\/\/diktardagar.no\/2022\/wp-json\/wp\/v2\/posts"}],"about":[{"href":"https:\/\/diktardagar.no\/2022\/wp-json\/wp\/v2\/types\/post"}],"author":[{"embeddable":true,"href":"https:\/\/diktardagar.no\/2022\/wp-json\/wp\/v2\/users\/9"}],"replies":[{"embeddable":true,"href":"https:\/\/diktardagar.no\/2022\/wp-json\/wp\/v2\/comments?post=3919"}],"version-history":[{"count":5,"href":"https:\/\/diktardagar.no\/2022\/wp-json\/wp\/v2\/posts\/3919\/revisions"}],"predecessor-version":[{"id":4032,"href":"https:\/\/diktardagar.no\/2022\/wp-json\/wp\/v2\/posts\/3919\/revisions\/4032"}],"wp:featuredmedia":[{"embeddable":true,"href":"https:\/\/diktardagar.no\/2022\/wp-json\/wp\/v2\/media\/3920"}],"wp:attachment":[{"href":"https:\/\/diktardagar.no\/2022\/wp-json\/wp\/v2\/media?parent=3919"}],"wp:term":[{"taxonomy":"category","embeddable":true,"href":"https:\/\/diktardagar.no\/2022\/wp-json\/wp\/v2\/categories?post=3919"},{"taxonomy":"post_tag","embeddable":true,"href":"https:\/\/diktardagar.no\/2022\/wp-json\/wp\/v2\/tags?post=3919"}],"curies":[{"name":"wp","href":"https:\/\/api.w.org\/{rel}","templated":true}]}}