{"id":3417,"date":"2021-11-09T11:44:41","date_gmt":"2021-11-09T10:44:41","guid":{"rendered":"https:\/\/diktardagar.no\/2021\/?p=3417"},"modified":"2021-11-09T11:45:25","modified_gmt":"2021-11-09T10:45:25","slug":"festkveld-for-tor-jonsson","status":"publish","type":"post","link":"https:\/\/diktardagar.no\/2021\/festkveld-for-tor-jonsson\/","title":{"rendered":"Festkveld for Tor Jonsson"},"content":{"rendered":"\n<p>I \u00e5r er det 70 \u00e5r sidan Tor Jonsson d\u00f8ydde. Dette har blitt markert med ny og utvida <em>Dikt i samling<\/em> tidlegare i \u00e5r. Fredag blir det festkveld for Tor Jonsson i Utgard. Henning Sommerro syng tekster av Tor Jonsson. I tillegg deltek Camilla Granlien, Reidar Svare, Hildegunn Hovde, Bjarne Tormodsgard og Rita Mundal. Det blir ogs\u00e5 utdeling av kulturpris og kulturstipend. Vel m\u00f8tt til festkveld i Utgard fredag 12. november kl. 19.30.<\/p>\n\n\n\n<p>Arrangementet er eit samarbeid mellom Tor Jonsson-laget og Lom kommune.<\/p>\n","protected":false},"excerpt":{"rendered":"<p>I \u00e5r er det 70 \u00e5r sidan Tor Jonsson d\u00f8ydde. Dette har blitt markert med ny og utvida Dikt i samling tidlegare i \u00e5r. Fredag blir det festkveld for Tor Jonsson i Utgard. Henning Sommerro syng tekster av Tor Jonsson. I tillegg deltek Camilla Granlien, Reidar Svare, Hildegunn Hovde, Bjarne Tormodsgard og Rita Mundal. Det&hellip;<\/p>\n","protected":false},"author":9,"featured_media":3416,"comment_status":"closed","ping_status":"open","sticky":false,"template":"","format":"standard","meta":{"footnotes":""},"categories":[6],"tags":[],"class_list":["post-3417","post","type-post","status-publish","format-standard","has-post-thumbnail","hentry","category-nyheter"],"yoast_head":"<!-- This site is optimized with the Yoast SEO plugin v27.5 - https:\/\/yoast.com\/product\/yoast-seo-wordpress\/ -->\n<title>Festkveld for Tor Jonsson - Diktardagar 2021<\/title>\n<meta name=\"robots\" content=\"index, follow, max-snippet:-1, max-image-preview:large, max-video-preview:-1\" \/>\n<link rel=\"canonical\" href=\"https:\/\/diktardagar.no\/2021\/festkveld-for-tor-jonsson\/\" class=\"yoast-seo-meta-tag\" \/>\n<meta property=\"og:locale\" content=\"nb_NO\" class=\"yoast-seo-meta-tag\" \/>\n<meta property=\"og:type\" content=\"article\" class=\"yoast-seo-meta-tag\" \/>\n<meta property=\"og:title\" content=\"Festkveld for Tor Jonsson - Diktardagar 2021\" class=\"yoast-seo-meta-tag\" \/>\n<meta property=\"og:description\" content=\"I \u00e5r er det 70 \u00e5r sidan Tor Jonsson d\u00f8ydde. Dette har blitt markert med ny og utvida Dikt i samling tidlegare i \u00e5r. Fredag blir det festkveld for Tor Jonsson i Utgard. Henning Sommerro syng tekster av Tor Jonsson. I tillegg deltek Camilla Granlien, Reidar Svare, Hildegunn Hovde, Bjarne Tormodsgard og Rita Mundal. Det&hellip;\" class=\"yoast-seo-meta-tag\" \/>\n<meta property=\"og:url\" content=\"https:\/\/diktardagar.no\/2021\/festkveld-for-tor-jonsson\/\" class=\"yoast-seo-meta-tag\" \/>\n<meta property=\"og:site_name\" content=\"Diktardagar 2021\" class=\"yoast-seo-meta-tag\" \/>\n<meta property=\"article:published_time\" content=\"2021-11-09T10:44:41+00:00\" class=\"yoast-seo-meta-tag\" \/>\n<meta property=\"article:modified_time\" content=\"2021-11-09T10:45:25+00:00\" class=\"yoast-seo-meta-tag\" \/>\n<meta property=\"og:image\" content=\"https:\/\/diktardagar.no\/2021\/wp-content\/uploads\/sites\/14\/2021\/11\/Tor-Jonsson.jpg\" class=\"yoast-seo-meta-tag\" \/>\n\t<meta property=\"og:image:width\" content=\"960\" class=\"yoast-seo-meta-tag\" \/>\n\t<meta property=\"og:image:height\" content=\"740\" class=\"yoast-seo-meta-tag\" \/>\n\t<meta property=\"og:image:type\" content=\"image\/jpeg\" class=\"yoast-seo-meta-tag\" \/>\n<meta name=\"author\" content=\"Rita Mundal\" class=\"yoast-seo-meta-tag\" \/>\n<meta name=\"twitter:card\" content=\"summary_large_image\" class=\"yoast-seo-meta-tag\" \/>\n<meta name=\"twitter:label1\" content=\"Skrevet av\" class=\"yoast-seo-meta-tag\" \/>\n\t<meta name=\"twitter:data1\" content=\"Rita Mundal\" class=\"yoast-seo-meta-tag\" \/>\n\t<meta name=\"twitter:label2\" content=\"Ansl. lesetid\" class=\"yoast-seo-meta-tag\" \/>\n\t<meta name=\"twitter:data2\" content=\"1 minutt\" class=\"yoast-seo-meta-tag\" \/>\n<script type=\"application\/ld+json\" class=\"yoast-schema-graph\">{\"@context\":\"https:\\\/\\\/schema.org\",\"@graph\":[{\"@type\":\"Article\",\"@id\":\"https:\\\/\\\/diktardagar.no\\\/2021\\\/festkveld-for-tor-jonsson\\\/#article\",\"isPartOf\":{\"@id\":\"https:\\\/\\\/diktardagar.no\\\/2021\\\/festkveld-for-tor-jonsson\\\/\"},\"author\":{\"name\":\"Rita Mundal\",\"@id\":\"https:\\\/\\\/diktardagar.no\\\/2021\\\/#\\\/schema\\\/person\\\/7fb47f233ba95e2647bcb7272f62fb8d\"},\"headline\":\"Festkveld for Tor Jonsson\",\"datePublished\":\"2021-11-09T10:44:41+00:00\",\"dateModified\":\"2021-11-09T10:45:25+00:00\",\"mainEntityOfPage\":{\"@id\":\"https:\\\/\\\/diktardagar.no\\\/2021\\\/festkveld-for-tor-jonsson\\\/\"},\"wordCount\":86,\"image\":{\"@id\":\"https:\\\/\\\/diktardagar.no\\\/2021\\\/festkveld-for-tor-jonsson\\\/#primaryimage\"},\"thumbnailUrl\":\"https:\\\/\\\/diktardagar.no\\\/2021\\\/wp-content\\\/uploads\\\/sites\\\/14\\\/2021\\\/11\\\/Tor-Jonsson.jpg\",\"articleSection\":[\"Nyheter\"],\"inLanguage\":\"nb-NO\"},{\"@type\":\"WebPage\",\"@id\":\"https:\\\/\\\/diktardagar.no\\\/2021\\\/festkveld-for-tor-jonsson\\\/\",\"url\":\"https:\\\/\\\/diktardagar.no\\\/2021\\\/festkveld-for-tor-jonsson\\\/\",\"name\":\"Festkveld for Tor Jonsson - Diktardagar 2021\",\"isPartOf\":{\"@id\":\"https:\\\/\\\/diktardagar.no\\\/2021\\\/#website\"},\"primaryImageOfPage\":{\"@id\":\"https:\\\/\\\/diktardagar.no\\\/2021\\\/festkveld-for-tor-jonsson\\\/#primaryimage\"},\"image\":{\"@id\":\"https:\\\/\\\/diktardagar.no\\\/2021\\\/festkveld-for-tor-jonsson\\\/#primaryimage\"},\"thumbnailUrl\":\"https:\\\/\\\/diktardagar.no\\\/2021\\\/wp-content\\\/uploads\\\/sites\\\/14\\\/2021\\\/11\\\/Tor-Jonsson.jpg\",\"datePublished\":\"2021-11-09T10:44:41+00:00\",\"dateModified\":\"2021-11-09T10:45:25+00:00\",\"author\":{\"@id\":\"https:\\\/\\\/diktardagar.no\\\/2021\\\/#\\\/schema\\\/person\\\/7fb47f233ba95e2647bcb7272f62fb8d\"},\"breadcrumb\":{\"@id\":\"https:\\\/\\\/diktardagar.no\\\/2021\\\/festkveld-for-tor-jonsson\\\/#breadcrumb\"},\"inLanguage\":\"nb-NO\",\"potentialAction\":[{\"@type\":\"ReadAction\",\"target\":[\"https:\\\/\\\/diktardagar.no\\\/2021\\\/festkveld-for-tor-jonsson\\\/\"]}]},{\"@type\":\"ImageObject\",\"inLanguage\":\"nb-NO\",\"@id\":\"https:\\\/\\\/diktardagar.no\\\/2021\\\/festkveld-for-tor-jonsson\\\/#primaryimage\",\"url\":\"https:\\\/\\\/diktardagar.no\\\/2021\\\/wp-content\\\/uploads\\\/sites\\\/14\\\/2021\\\/11\\\/Tor-Jonsson.jpg\",\"contentUrl\":\"https:\\\/\\\/diktardagar.no\\\/2021\\\/wp-content\\\/uploads\\\/sites\\\/14\\\/2021\\\/11\\\/Tor-Jonsson.jpg\",\"width\":960,\"height\":740},{\"@type\":\"BreadcrumbList\",\"@id\":\"https:\\\/\\\/diktardagar.no\\\/2021\\\/festkveld-for-tor-jonsson\\\/#breadcrumb\",\"itemListElement\":[{\"@type\":\"ListItem\",\"position\":1,\"name\":\"Hjem\",\"item\":\"https:\\\/\\\/diktardagar.no\\\/2021\\\/\"},{\"@type\":\"ListItem\",\"position\":2,\"name\":\"Festkveld for Tor Jonsson\"}]},{\"@type\":\"WebSite\",\"@id\":\"https:\\\/\\\/diktardagar.no\\\/2021\\\/#website\",\"url\":\"https:\\\/\\\/diktardagar.no\\\/2021\\\/\",\"name\":\"Diktardagar 2021\",\"description\":\"\",\"potentialAction\":[{\"@type\":\"SearchAction\",\"target\":{\"@type\":\"EntryPoint\",\"urlTemplate\":\"https:\\\/\\\/diktardagar.no\\\/2021\\\/?s={search_term_string}\"},\"query-input\":{\"@type\":\"PropertyValueSpecification\",\"valueRequired\":true,\"valueName\":\"search_term_string\"}}],\"inLanguage\":\"nb-NO\"},{\"@type\":\"Person\",\"@id\":\"https:\\\/\\\/diktardagar.no\\\/2021\\\/#\\\/schema\\\/person\\\/7fb47f233ba95e2647bcb7272f62fb8d\",\"name\":\"Rita Mundal\",\"image\":{\"@type\":\"ImageObject\",\"inLanguage\":\"nb-NO\",\"@id\":\"https:\\\/\\\/secure.gravatar.com\\\/avatar\\\/228396b8b9e76ae3583b1bccf5409689b305059981e143d0929be483a9a2767b?s=96&d=mm&r=g\",\"url\":\"https:\\\/\\\/secure.gravatar.com\\\/avatar\\\/228396b8b9e76ae3583b1bccf5409689b305059981e143d0929be483a9a2767b?s=96&d=mm&r=g\",\"contentUrl\":\"https:\\\/\\\/secure.gravatar.com\\\/avatar\\\/228396b8b9e76ae3583b1bccf5409689b305059981e143d0929be483a9a2767b?s=96&d=mm&r=g\",\"caption\":\"Rita Mundal\"},\"sameAs\":[\"http:\\\/\\\/www.lom.kommune.no\"],\"url\":\"https:\\\/\\\/diktardagar.no\\\/2021\\\/author\\\/rita\\\/\"}]}<\/script>\n<!-- \/ Yoast SEO plugin. -->","yoast_head_json":{"title":"Festkveld for Tor Jonsson - Diktardagar 2021","robots":{"index":"index","follow":"follow","max-snippet":"max-snippet:-1","max-image-preview":"max-image-preview:large","max-video-preview":"max-video-preview:-1"},"canonical":"https:\/\/diktardagar.no\/2021\/festkveld-for-tor-jonsson\/","og_locale":"nb_NO","og_type":"article","og_title":"Festkveld for Tor Jonsson - Diktardagar 2021","og_description":"I \u00e5r er det 70 \u00e5r sidan Tor Jonsson d\u00f8ydde. Dette har blitt markert med ny og utvida Dikt i samling tidlegare i \u00e5r. Fredag blir det festkveld for Tor Jonsson i Utgard. Henning Sommerro syng tekster av Tor Jonsson. I tillegg deltek Camilla Granlien, Reidar Svare, Hildegunn Hovde, Bjarne Tormodsgard og Rita Mundal. Det&hellip;","og_url":"https:\/\/diktardagar.no\/2021\/festkveld-for-tor-jonsson\/","og_site_name":"Diktardagar 2021","article_published_time":"2021-11-09T10:44:41+00:00","article_modified_time":"2021-11-09T10:45:25+00:00","og_image":[{"width":960,"height":740,"url":"https:\/\/diktardagar.no\/2021\/wp-content\/uploads\/sites\/14\/2021\/11\/Tor-Jonsson.jpg","type":"image\/jpeg"}],"author":"Rita Mundal","twitter_card":"summary_large_image","twitter_misc":{"Skrevet av":"Rita Mundal","Ansl. lesetid":"1 minutt"},"schema":{"@context":"https:\/\/schema.org","@graph":[{"@type":"Article","@id":"https:\/\/diktardagar.no\/2021\/festkveld-for-tor-jonsson\/#article","isPartOf":{"@id":"https:\/\/diktardagar.no\/2021\/festkveld-for-tor-jonsson\/"},"author":{"name":"Rita Mundal","@id":"https:\/\/diktardagar.no\/2021\/#\/schema\/person\/7fb47f233ba95e2647bcb7272f62fb8d"},"headline":"Festkveld for Tor Jonsson","datePublished":"2021-11-09T10:44:41+00:00","dateModified":"2021-11-09T10:45:25+00:00","mainEntityOfPage":{"@id":"https:\/\/diktardagar.no\/2021\/festkveld-for-tor-jonsson\/"},"wordCount":86,"image":{"@id":"https:\/\/diktardagar.no\/2021\/festkveld-for-tor-jonsson\/#primaryimage"},"thumbnailUrl":"https:\/\/diktardagar.no\/2021\/wp-content\/uploads\/sites\/14\/2021\/11\/Tor-Jonsson.jpg","articleSection":["Nyheter"],"inLanguage":"nb-NO"},{"@type":"WebPage","@id":"https:\/\/diktardagar.no\/2021\/festkveld-for-tor-jonsson\/","url":"https:\/\/diktardagar.no\/2021\/festkveld-for-tor-jonsson\/","name":"Festkveld for Tor Jonsson - Diktardagar 2021","isPartOf":{"@id":"https:\/\/diktardagar.no\/2021\/#website"},"primaryImageOfPage":{"@id":"https:\/\/diktardagar.no\/2021\/festkveld-for-tor-jonsson\/#primaryimage"},"image":{"@id":"https:\/\/diktardagar.no\/2021\/festkveld-for-tor-jonsson\/#primaryimage"},"thumbnailUrl":"https:\/\/diktardagar.no\/2021\/wp-content\/uploads\/sites\/14\/2021\/11\/Tor-Jonsson.jpg","datePublished":"2021-11-09T10:44:41+00:00","dateModified":"2021-11-09T10:45:25+00:00","author":{"@id":"https:\/\/diktardagar.no\/2021\/#\/schema\/person\/7fb47f233ba95e2647bcb7272f62fb8d"},"breadcrumb":{"@id":"https:\/\/diktardagar.no\/2021\/festkveld-for-tor-jonsson\/#breadcrumb"},"inLanguage":"nb-NO","potentialAction":[{"@type":"ReadAction","target":["https:\/\/diktardagar.no\/2021\/festkveld-for-tor-jonsson\/"]}]},{"@type":"ImageObject","inLanguage":"nb-NO","@id":"https:\/\/diktardagar.no\/2021\/festkveld-for-tor-jonsson\/#primaryimage","url":"https:\/\/diktardagar.no\/2021\/wp-content\/uploads\/sites\/14\/2021\/11\/Tor-Jonsson.jpg","contentUrl":"https:\/\/diktardagar.no\/2021\/wp-content\/uploads\/sites\/14\/2021\/11\/Tor-Jonsson.jpg","width":960,"height":740},{"@type":"BreadcrumbList","@id":"https:\/\/diktardagar.no\/2021\/festkveld-for-tor-jonsson\/#breadcrumb","itemListElement":[{"@type":"ListItem","position":1,"name":"Hjem","item":"https:\/\/diktardagar.no\/2021\/"},{"@type":"ListItem","position":2,"name":"Festkveld for Tor Jonsson"}]},{"@type":"WebSite","@id":"https:\/\/diktardagar.no\/2021\/#website","url":"https:\/\/diktardagar.no\/2021\/","name":"Diktardagar 2021","description":"","potentialAction":[{"@type":"SearchAction","target":{"@type":"EntryPoint","urlTemplate":"https:\/\/diktardagar.no\/2021\/?s={search_term_string}"},"query-input":{"@type":"PropertyValueSpecification","valueRequired":true,"valueName":"search_term_string"}}],"inLanguage":"nb-NO"},{"@type":"Person","@id":"https:\/\/diktardagar.no\/2021\/#\/schema\/person\/7fb47f233ba95e2647bcb7272f62fb8d","name":"Rita Mundal","image":{"@type":"ImageObject","inLanguage":"nb-NO","@id":"https:\/\/secure.gravatar.com\/avatar\/228396b8b9e76ae3583b1bccf5409689b305059981e143d0929be483a9a2767b?s=96&d=mm&r=g","url":"https:\/\/secure.gravatar.com\/avatar\/228396b8b9e76ae3583b1bccf5409689b305059981e143d0929be483a9a2767b?s=96&d=mm&r=g","contentUrl":"https:\/\/secure.gravatar.com\/avatar\/228396b8b9e76ae3583b1bccf5409689b305059981e143d0929be483a9a2767b?s=96&d=mm&r=g","caption":"Rita Mundal"},"sameAs":["http:\/\/www.lom.kommune.no"],"url":"https:\/\/diktardagar.no\/2021\/author\/rita\/"}]}},"_links":{"self":[{"href":"https:\/\/diktardagar.no\/2021\/wp-json\/wp\/v2\/posts\/3417","targetHints":{"allow":["GET"]}}],"collection":[{"href":"https:\/\/diktardagar.no\/2021\/wp-json\/wp\/v2\/posts"}],"about":[{"href":"https:\/\/diktardagar.no\/2021\/wp-json\/wp\/v2\/types\/post"}],"author":[{"embeddable":true,"href":"https:\/\/diktardagar.no\/2021\/wp-json\/wp\/v2\/users\/9"}],"replies":[{"embeddable":true,"href":"https:\/\/diktardagar.no\/2021\/wp-json\/wp\/v2\/comments?post=3417"}],"version-history":[{"count":2,"href":"https:\/\/diktardagar.no\/2021\/wp-json\/wp\/v2\/posts\/3417\/revisions"}],"predecessor-version":[{"id":3419,"href":"https:\/\/diktardagar.no\/2021\/wp-json\/wp\/v2\/posts\/3417\/revisions\/3419"}],"wp:featuredmedia":[{"embeddable":true,"href":"https:\/\/diktardagar.no\/2021\/wp-json\/wp\/v2\/media\/3416"}],"wp:attachment":[{"href":"https:\/\/diktardagar.no\/2021\/wp-json\/wp\/v2\/media?parent=3417"}],"wp:term":[{"taxonomy":"category","embeddable":true,"href":"https:\/\/diktardagar.no\/2021\/wp-json\/wp\/v2\/categories?post=3417"},{"taxonomy":"post_tag","embeddable":true,"href":"https:\/\/diktardagar.no\/2021\/wp-json\/wp\/v2\/tags?post=3417"}],"curies":[{"name":"wp","href":"https:\/\/api.w.org\/{rel}","templated":true}]}}