{"id":3391,"date":"2021-09-15T15:32:19","date_gmt":"2021-09-15T13:32:19","guid":{"rendered":"https:\/\/diktardagar.no\/2021\/?p=3391"},"modified":"2021-09-27T20:15:23","modified_gmt":"2021-09-27T18:15:23","slug":"hundrearsmarkering-for-nobelprisen-i-litteratur-til-knut-hamsun","status":"publish","type":"post","link":"https:\/\/diktardagar.no\/2021\/hundrearsmarkering-for-nobelprisen-i-litteratur-til-knut-hamsun\/","title":{"rendered":"Hundre\u00e5rsmarkering for Nobelprisen i litteratur til Knut Hamsun"},"content":{"rendered":"\n<p>10. desember 2020 var det 100 \u00e5r sidan Knut Hamsun fekk tildelt Nobelprisen i litteratur i Stockholm. Knut Hamsun-laget i Lom hadde planer om \u00e5 markere hendinga p\u00e5 hundre\u00e5rsdagen, men koronaen sette ein stoppar for det. N\u00e5 pr\u00f8ver laget p\u00e5 nytt med markeringar 1. og 2. oktober:<\/p>\n\n\n\n<p><strong>Fredag 1. oktober i Utgard i Lom<\/strong>:<\/p>\n\n\n\n<p>18:00 Opning av m\u00e5leriutstilling av Wilhelm Bjertnes: <em>Livsveven \u2013 lengt og lagnad<\/em>, tematiske bilde til <em>Markens gr\u00f8de<\/em> av Knut Hamsun<\/p>\n\n\n\n<p>19:00 Hamsun-program i Kultursalen<br><em>Om hundrede \u00e5r er allting glemt<\/em> med Hanne og Synne Kj\u00f8k <br>Velkomen ved styreleiar i Knut Hamsun-laget Torstein K. Garmo<br>Helsing fr\u00e5 Lom kommune ved ordf\u00f8rar Bjarne Eiolf Hol\u00f8<br>Song ved Reidar Svare <br><em>Knut Hamsun og kva han har betydd for forfattarar<\/em> <em>internasjonalt<\/em> ved Torunn Kj\u00f8k<br>Lom juniorspelmannslag <br>Foredrag ved Edvard Hoem <br>Musikkinnslag med Bj\u00f8rn K\u00e5re og Mads Erik Odde <br>Leif Hamsun les nobeltalen til Knut Hamsun <br>Utdrag fr\u00e5 <em>Markens gr\u00f8de<\/em> ved Endre Skj\u00e5k og P\u00e5l Svindland <br>Regine Hamsun les fr\u00e5 <em>Sult<\/em> <br>Inngang: <br>Vaksne 200 kr, skuleelevar 100 kr<br><a href=\"https:\/\/ebillett.no\/utgardflerbrukshus\/937\"><strong>Billettar<\/strong><\/a><\/p>\n\n\n\n<p>21:30 Festmiddag p\u00e5 Fossheim hotell. Trerettar og kaffe 500 kr <br><strong>Billettar m\u00e5 kj\u00f8past innan 25. september<\/strong><\/p>\n\n\n\n<p><strong>Laurdag 2.oktober<\/strong><br>Den planlagde vandringa p\u00e5 Hamsun\u2019s gjengrodde stigar i Garmo er avlyst.<br><\/p>\n\n\n\n<p>Arrang\u00f8rar: Knut Hamsun-laget i Lom i samarbeid med Lom kommune og Diktardagar<br>Atterhald om endringar i programmet<\/p>\n\n\n\n<figure class=\"wp-block-gallery columns-1 is-cropped wp-block-gallery-2 is-layout-flex wp-block-gallery-is-layout-flex\"><ul class=\"blocks-gallery-grid\"><li class=\"blocks-gallery-item\"><figure><a href=\"https:\/\/diktardagar.no\/2021\/wp-content\/uploads\/sites\/14\/2021\/09\/Hamsun-markring-1.jpg\"><img loading=\"lazy\" decoding=\"async\" width=\"1807\" height=\"624\" src=\"https:\/\/diktardagar.no\/2021\/wp-content\/uploads\/sites\/14\/2021\/09\/Hamsun-markring-1.jpg\" alt=\"\" data-id=\"3406\" data-full-url=\"https:\/\/diktardagar.no\/2021\/wp-content\/uploads\/sites\/14\/2021\/09\/Hamsun-markring-1.jpg\" data-link=\"https:\/\/diktardagar.no\/2021\/hundrearsmarkering-for-nobelprisen-i-litteratur-til-knut-hamsun\/hamsun-markring-1\/\" class=\"wp-image-3406\" srcset=\"https:\/\/diktardagar.no\/2021\/wp-content\/uploads\/sites\/14\/2021\/09\/Hamsun-markring-1.jpg 1807w, https:\/\/diktardagar.no\/2021\/wp-content\/uploads\/sites\/14\/2021\/09\/Hamsun-markring-1-300x104.jpg 300w, https:\/\/diktardagar.no\/2021\/wp-content\/uploads\/sites\/14\/2021\/09\/Hamsun-markring-1-1024x354.jpg 1024w, https:\/\/diktardagar.no\/2021\/wp-content\/uploads\/sites\/14\/2021\/09\/Hamsun-markring-1-768x265.jpg 768w, https:\/\/diktardagar.no\/2021\/wp-content\/uploads\/sites\/14\/2021\/09\/Hamsun-markring-1-1536x530.jpg 1536w\" sizes=\"auto, (max-width: 1807px) 100vw, 1807px\" \/><\/a><\/figure><\/li><\/ul><\/figure>\n\n\n","protected":false},"excerpt":{"rendered":"<p>10. desember 2020 var det 100 \u00e5r sidan Knut Hamsun fekk tildelt Nobelprisen i litteratur i Stockholm. Knut Hamsun-laget i Lom hadde planer om \u00e5 markere hendinga p\u00e5 hundre\u00e5rsdagen, men koronaen sette ein stoppar for det. N\u00e5 pr\u00f8ver laget p\u00e5 nytt med markeringar 1. og 2. oktober: Fredag 1. oktober i Utgard i Lom: 18:00&hellip;<\/p>\n","protected":false},"author":9,"featured_media":3070,"comment_status":"closed","ping_status":"open","sticky":false,"template":"","format":"standard","meta":{"footnotes":""},"categories":[6],"tags":[],"class_list":["post-3391","post","type-post","status-publish","format-standard","has-post-thumbnail","hentry","category-nyheter"],"yoast_head":"<!-- This site is optimized with the Yoast SEO plugin v27.5 - https:\/\/yoast.com\/product\/yoast-seo-wordpress\/ -->\n<title>Hundre\u00e5rsmarkering for Nobelprisen i litteratur til Knut Hamsun - Diktardagar 2021<\/title>\n<meta name=\"robots\" content=\"index, follow, max-snippet:-1, max-image-preview:large, max-video-preview:-1\" \/>\n<link rel=\"canonical\" href=\"https:\/\/diktardagar.no\/2021\/hundrearsmarkering-for-nobelprisen-i-litteratur-til-knut-hamsun\/\" class=\"yoast-seo-meta-tag\" \/>\n<meta property=\"og:locale\" content=\"nb_NO\" class=\"yoast-seo-meta-tag\" \/>\n<meta property=\"og:type\" content=\"article\" class=\"yoast-seo-meta-tag\" \/>\n<meta property=\"og:title\" content=\"Hundre\u00e5rsmarkering for Nobelprisen i litteratur til Knut Hamsun - Diktardagar 2021\" class=\"yoast-seo-meta-tag\" \/>\n<meta property=\"og:description\" content=\"10. desember 2020 var det 100 \u00e5r sidan Knut Hamsun fekk tildelt Nobelprisen i litteratur i Stockholm. Knut Hamsun-laget i Lom hadde planer om \u00e5 markere hendinga p\u00e5 hundre\u00e5rsdagen, men koronaen sette ein stoppar for det. N\u00e5 pr\u00f8ver laget p\u00e5 nytt med markeringar 1. og 2. oktober: Fredag 1. oktober i Utgard i Lom: 18:00&hellip;\" class=\"yoast-seo-meta-tag\" \/>\n<meta property=\"og:url\" content=\"https:\/\/diktardagar.no\/2021\/hundrearsmarkering-for-nobelprisen-i-litteratur-til-knut-hamsun\/\" class=\"yoast-seo-meta-tag\" \/>\n<meta property=\"og:site_name\" content=\"Diktardagar 2021\" class=\"yoast-seo-meta-tag\" \/>\n<meta property=\"article:published_time\" content=\"2021-09-15T13:32:19+00:00\" class=\"yoast-seo-meta-tag\" \/>\n<meta property=\"article:modified_time\" content=\"2021-09-27T18:15:23+00:00\" class=\"yoast-seo-meta-tag\" \/>\n<meta property=\"og:image\" content=\"https:\/\/diktardagar.no\/2021\/wp-content\/uploads\/sites\/14\/2020\/11\/edvard_hoem-paal_audestad_.jpg\" class=\"yoast-seo-meta-tag\" \/>\n\t<meta property=\"og:image:width\" content=\"1417\" class=\"yoast-seo-meta-tag\" \/>\n\t<meta property=\"og:image:height\" content=\"945\" class=\"yoast-seo-meta-tag\" \/>\n\t<meta property=\"og:image:type\" content=\"image\/jpeg\" class=\"yoast-seo-meta-tag\" \/>\n<meta name=\"author\" content=\"Rita Mundal\" class=\"yoast-seo-meta-tag\" \/>\n<meta name=\"twitter:card\" content=\"summary_large_image\" class=\"yoast-seo-meta-tag\" \/>\n<meta name=\"twitter:label1\" content=\"Skrevet av\" class=\"yoast-seo-meta-tag\" \/>\n\t<meta name=\"twitter:data1\" content=\"Rita Mundal\" class=\"yoast-seo-meta-tag\" \/>\n\t<meta name=\"twitter:label2\" content=\"Ansl. lesetid\" class=\"yoast-seo-meta-tag\" \/>\n\t<meta name=\"twitter:data2\" content=\"2 minutter\" class=\"yoast-seo-meta-tag\" \/>\n<script type=\"application\/ld+json\" class=\"yoast-schema-graph\">{\"@context\":\"https:\\\/\\\/schema.org\",\"@graph\":[{\"@type\":\"Article\",\"@id\":\"https:\\\/\\\/diktardagar.no\\\/2021\\\/hundrearsmarkering-for-nobelprisen-i-litteratur-til-knut-hamsun\\\/#article\",\"isPartOf\":{\"@id\":\"https:\\\/\\\/diktardagar.no\\\/2021\\\/hundrearsmarkering-for-nobelprisen-i-litteratur-til-knut-hamsun\\\/\"},\"author\":{\"name\":\"Rita Mundal\",\"@id\":\"https:\\\/\\\/diktardagar.no\\\/2021\\\/#\\\/schema\\\/person\\\/7fb47f233ba95e2647bcb7272f62fb8d\"},\"headline\":\"Hundre\u00e5rsmarkering for Nobelprisen i litteratur til Knut Hamsun\",\"datePublished\":\"2021-09-15T13:32:19+00:00\",\"dateModified\":\"2021-09-27T18:15:23+00:00\",\"mainEntityOfPage\":{\"@id\":\"https:\\\/\\\/diktardagar.no\\\/2021\\\/hundrearsmarkering-for-nobelprisen-i-litteratur-til-knut-hamsun\\\/\"},\"wordCount\":220,\"image\":{\"@id\":\"https:\\\/\\\/diktardagar.no\\\/2021\\\/hundrearsmarkering-for-nobelprisen-i-litteratur-til-knut-hamsun\\\/#primaryimage\"},\"thumbnailUrl\":\"https:\\\/\\\/diktardagar.no\\\/2021\\\/wp-content\\\/uploads\\\/sites\\\/14\\\/2020\\\/11\\\/edvard_hoem-paal_audestad_.jpg\",\"articleSection\":[\"Nyheter\"],\"inLanguage\":\"nb-NO\"},{\"@type\":\"WebPage\",\"@id\":\"https:\\\/\\\/diktardagar.no\\\/2021\\\/hundrearsmarkering-for-nobelprisen-i-litteratur-til-knut-hamsun\\\/\",\"url\":\"https:\\\/\\\/diktardagar.no\\\/2021\\\/hundrearsmarkering-for-nobelprisen-i-litteratur-til-knut-hamsun\\\/\",\"name\":\"Hundre\u00e5rsmarkering for Nobelprisen i litteratur til Knut Hamsun - Diktardagar 2021\",\"isPartOf\":{\"@id\":\"https:\\\/\\\/diktardagar.no\\\/2021\\\/#website\"},\"primaryImageOfPage\":{\"@id\":\"https:\\\/\\\/diktardagar.no\\\/2021\\\/hundrearsmarkering-for-nobelprisen-i-litteratur-til-knut-hamsun\\\/#primaryimage\"},\"image\":{\"@id\":\"https:\\\/\\\/diktardagar.no\\\/2021\\\/hundrearsmarkering-for-nobelprisen-i-litteratur-til-knut-hamsun\\\/#primaryimage\"},\"thumbnailUrl\":\"https:\\\/\\\/diktardagar.no\\\/2021\\\/wp-content\\\/uploads\\\/sites\\\/14\\\/2020\\\/11\\\/edvard_hoem-paal_audestad_.jpg\",\"datePublished\":\"2021-09-15T13:32:19+00:00\",\"dateModified\":\"2021-09-27T18:15:23+00:00\",\"author\":{\"@id\":\"https:\\\/\\\/diktardagar.no\\\/2021\\\/#\\\/schema\\\/person\\\/7fb47f233ba95e2647bcb7272f62fb8d\"},\"breadcrumb\":{\"@id\":\"https:\\\/\\\/diktardagar.no\\\/2021\\\/hundrearsmarkering-for-nobelprisen-i-litteratur-til-knut-hamsun\\\/#breadcrumb\"},\"inLanguage\":\"nb-NO\",\"potentialAction\":[{\"@type\":\"ReadAction\",\"target\":[\"https:\\\/\\\/diktardagar.no\\\/2021\\\/hundrearsmarkering-for-nobelprisen-i-litteratur-til-knut-hamsun\\\/\"]}]},{\"@type\":\"ImageObject\",\"inLanguage\":\"nb-NO\",\"@id\":\"https:\\\/\\\/diktardagar.no\\\/2021\\\/hundrearsmarkering-for-nobelprisen-i-litteratur-til-knut-hamsun\\\/#primaryimage\",\"url\":\"https:\\\/\\\/diktardagar.no\\\/2021\\\/wp-content\\\/uploads\\\/sites\\\/14\\\/2020\\\/11\\\/edvard_hoem-paal_audestad_.jpg\",\"contentUrl\":\"https:\\\/\\\/diktardagar.no\\\/2021\\\/wp-content\\\/uploads\\\/sites\\\/14\\\/2020\\\/11\\\/edvard_hoem-paal_audestad_.jpg\",\"width\":1417,\"height\":945,\"caption\":\"Foto: Paal Audestad\"},{\"@type\":\"BreadcrumbList\",\"@id\":\"https:\\\/\\\/diktardagar.no\\\/2021\\\/hundrearsmarkering-for-nobelprisen-i-litteratur-til-knut-hamsun\\\/#breadcrumb\",\"itemListElement\":[{\"@type\":\"ListItem\",\"position\":1,\"name\":\"Hjem\",\"item\":\"https:\\\/\\\/diktardagar.no\\\/2021\\\/\"},{\"@type\":\"ListItem\",\"position\":2,\"name\":\"Hundre\u00e5rsmarkering for Nobelprisen i litteratur til Knut Hamsun\"}]},{\"@type\":\"WebSite\",\"@id\":\"https:\\\/\\\/diktardagar.no\\\/2021\\\/#website\",\"url\":\"https:\\\/\\\/diktardagar.no\\\/2021\\\/\",\"name\":\"Diktardagar 2021\",\"description\":\"\",\"potentialAction\":[{\"@type\":\"SearchAction\",\"target\":{\"@type\":\"EntryPoint\",\"urlTemplate\":\"https:\\\/\\\/diktardagar.no\\\/2021\\\/?s={search_term_string}\"},\"query-input\":{\"@type\":\"PropertyValueSpecification\",\"valueRequired\":true,\"valueName\":\"search_term_string\"}}],\"inLanguage\":\"nb-NO\"},{\"@type\":\"Person\",\"@id\":\"https:\\\/\\\/diktardagar.no\\\/2021\\\/#\\\/schema\\\/person\\\/7fb47f233ba95e2647bcb7272f62fb8d\",\"name\":\"Rita Mundal\",\"image\":{\"@type\":\"ImageObject\",\"inLanguage\":\"nb-NO\",\"@id\":\"https:\\\/\\\/secure.gravatar.com\\\/avatar\\\/228396b8b9e76ae3583b1bccf5409689b305059981e143d0929be483a9a2767b?s=96&d=mm&r=g\",\"url\":\"https:\\\/\\\/secure.gravatar.com\\\/avatar\\\/228396b8b9e76ae3583b1bccf5409689b305059981e143d0929be483a9a2767b?s=96&d=mm&r=g\",\"contentUrl\":\"https:\\\/\\\/secure.gravatar.com\\\/avatar\\\/228396b8b9e76ae3583b1bccf5409689b305059981e143d0929be483a9a2767b?s=96&d=mm&r=g\",\"caption\":\"Rita Mundal\"},\"sameAs\":[\"http:\\\/\\\/www.lom.kommune.no\"],\"url\":\"https:\\\/\\\/diktardagar.no\\\/2021\\\/author\\\/rita\\\/\"}]}<\/script>\n<!-- \/ Yoast SEO plugin. -->","yoast_head_json":{"title":"Hundre\u00e5rsmarkering for Nobelprisen i litteratur til Knut Hamsun - Diktardagar 2021","robots":{"index":"index","follow":"follow","max-snippet":"max-snippet:-1","max-image-preview":"max-image-preview:large","max-video-preview":"max-video-preview:-1"},"canonical":"https:\/\/diktardagar.no\/2021\/hundrearsmarkering-for-nobelprisen-i-litteratur-til-knut-hamsun\/","og_locale":"nb_NO","og_type":"article","og_title":"Hundre\u00e5rsmarkering for Nobelprisen i litteratur til Knut Hamsun - Diktardagar 2021","og_description":"10. desember 2020 var det 100 \u00e5r sidan Knut Hamsun fekk tildelt Nobelprisen i litteratur i Stockholm. Knut Hamsun-laget i Lom hadde planer om \u00e5 markere hendinga p\u00e5 hundre\u00e5rsdagen, men koronaen sette ein stoppar for det. N\u00e5 pr\u00f8ver laget p\u00e5 nytt med markeringar 1. og 2. oktober: Fredag 1. oktober i Utgard i Lom: 18:00&hellip;","og_url":"https:\/\/diktardagar.no\/2021\/hundrearsmarkering-for-nobelprisen-i-litteratur-til-knut-hamsun\/","og_site_name":"Diktardagar 2021","article_published_time":"2021-09-15T13:32:19+00:00","article_modified_time":"2021-09-27T18:15:23+00:00","og_image":[{"width":1417,"height":945,"url":"https:\/\/diktardagar.no\/2021\/wp-content\/uploads\/sites\/14\/2020\/11\/edvard_hoem-paal_audestad_.jpg","type":"image\/jpeg"}],"author":"Rita Mundal","twitter_card":"summary_large_image","twitter_misc":{"Skrevet av":"Rita Mundal","Ansl. lesetid":"2 minutter"},"schema":{"@context":"https:\/\/schema.org","@graph":[{"@type":"Article","@id":"https:\/\/diktardagar.no\/2021\/hundrearsmarkering-for-nobelprisen-i-litteratur-til-knut-hamsun\/#article","isPartOf":{"@id":"https:\/\/diktardagar.no\/2021\/hundrearsmarkering-for-nobelprisen-i-litteratur-til-knut-hamsun\/"},"author":{"name":"Rita Mundal","@id":"https:\/\/diktardagar.no\/2021\/#\/schema\/person\/7fb47f233ba95e2647bcb7272f62fb8d"},"headline":"Hundre\u00e5rsmarkering for Nobelprisen i litteratur til Knut Hamsun","datePublished":"2021-09-15T13:32:19+00:00","dateModified":"2021-09-27T18:15:23+00:00","mainEntityOfPage":{"@id":"https:\/\/diktardagar.no\/2021\/hundrearsmarkering-for-nobelprisen-i-litteratur-til-knut-hamsun\/"},"wordCount":220,"image":{"@id":"https:\/\/diktardagar.no\/2021\/hundrearsmarkering-for-nobelprisen-i-litteratur-til-knut-hamsun\/#primaryimage"},"thumbnailUrl":"https:\/\/diktardagar.no\/2021\/wp-content\/uploads\/sites\/14\/2020\/11\/edvard_hoem-paal_audestad_.jpg","articleSection":["Nyheter"],"inLanguage":"nb-NO"},{"@type":"WebPage","@id":"https:\/\/diktardagar.no\/2021\/hundrearsmarkering-for-nobelprisen-i-litteratur-til-knut-hamsun\/","url":"https:\/\/diktardagar.no\/2021\/hundrearsmarkering-for-nobelprisen-i-litteratur-til-knut-hamsun\/","name":"Hundre\u00e5rsmarkering for Nobelprisen i litteratur til Knut Hamsun - Diktardagar 2021","isPartOf":{"@id":"https:\/\/diktardagar.no\/2021\/#website"},"primaryImageOfPage":{"@id":"https:\/\/diktardagar.no\/2021\/hundrearsmarkering-for-nobelprisen-i-litteratur-til-knut-hamsun\/#primaryimage"},"image":{"@id":"https:\/\/diktardagar.no\/2021\/hundrearsmarkering-for-nobelprisen-i-litteratur-til-knut-hamsun\/#primaryimage"},"thumbnailUrl":"https:\/\/diktardagar.no\/2021\/wp-content\/uploads\/sites\/14\/2020\/11\/edvard_hoem-paal_audestad_.jpg","datePublished":"2021-09-15T13:32:19+00:00","dateModified":"2021-09-27T18:15:23+00:00","author":{"@id":"https:\/\/diktardagar.no\/2021\/#\/schema\/person\/7fb47f233ba95e2647bcb7272f62fb8d"},"breadcrumb":{"@id":"https:\/\/diktardagar.no\/2021\/hundrearsmarkering-for-nobelprisen-i-litteratur-til-knut-hamsun\/#breadcrumb"},"inLanguage":"nb-NO","potentialAction":[{"@type":"ReadAction","target":["https:\/\/diktardagar.no\/2021\/hundrearsmarkering-for-nobelprisen-i-litteratur-til-knut-hamsun\/"]}]},{"@type":"ImageObject","inLanguage":"nb-NO","@id":"https:\/\/diktardagar.no\/2021\/hundrearsmarkering-for-nobelprisen-i-litteratur-til-knut-hamsun\/#primaryimage","url":"https:\/\/diktardagar.no\/2021\/wp-content\/uploads\/sites\/14\/2020\/11\/edvard_hoem-paal_audestad_.jpg","contentUrl":"https:\/\/diktardagar.no\/2021\/wp-content\/uploads\/sites\/14\/2020\/11\/edvard_hoem-paal_audestad_.jpg","width":1417,"height":945,"caption":"Foto: Paal Audestad"},{"@type":"BreadcrumbList","@id":"https:\/\/diktardagar.no\/2021\/hundrearsmarkering-for-nobelprisen-i-litteratur-til-knut-hamsun\/#breadcrumb","itemListElement":[{"@type":"ListItem","position":1,"name":"Hjem","item":"https:\/\/diktardagar.no\/2021\/"},{"@type":"ListItem","position":2,"name":"Hundre\u00e5rsmarkering for Nobelprisen i litteratur til Knut Hamsun"}]},{"@type":"WebSite","@id":"https:\/\/diktardagar.no\/2021\/#website","url":"https:\/\/diktardagar.no\/2021\/","name":"Diktardagar 2021","description":"","potentialAction":[{"@type":"SearchAction","target":{"@type":"EntryPoint","urlTemplate":"https:\/\/diktardagar.no\/2021\/?s={search_term_string}"},"query-input":{"@type":"PropertyValueSpecification","valueRequired":true,"valueName":"search_term_string"}}],"inLanguage":"nb-NO"},{"@type":"Person","@id":"https:\/\/diktardagar.no\/2021\/#\/schema\/person\/7fb47f233ba95e2647bcb7272f62fb8d","name":"Rita Mundal","image":{"@type":"ImageObject","inLanguage":"nb-NO","@id":"https:\/\/secure.gravatar.com\/avatar\/228396b8b9e76ae3583b1bccf5409689b305059981e143d0929be483a9a2767b?s=96&d=mm&r=g","url":"https:\/\/secure.gravatar.com\/avatar\/228396b8b9e76ae3583b1bccf5409689b305059981e143d0929be483a9a2767b?s=96&d=mm&r=g","contentUrl":"https:\/\/secure.gravatar.com\/avatar\/228396b8b9e76ae3583b1bccf5409689b305059981e143d0929be483a9a2767b?s=96&d=mm&r=g","caption":"Rita Mundal"},"sameAs":["http:\/\/www.lom.kommune.no"],"url":"https:\/\/diktardagar.no\/2021\/author\/rita\/"}]}},"_links":{"self":[{"href":"https:\/\/diktardagar.no\/2021\/wp-json\/wp\/v2\/posts\/3391","targetHints":{"allow":["GET"]}}],"collection":[{"href":"https:\/\/diktardagar.no\/2021\/wp-json\/wp\/v2\/posts"}],"about":[{"href":"https:\/\/diktardagar.no\/2021\/wp-json\/wp\/v2\/types\/post"}],"author":[{"embeddable":true,"href":"https:\/\/diktardagar.no\/2021\/wp-json\/wp\/v2\/users\/9"}],"replies":[{"embeddable":true,"href":"https:\/\/diktardagar.no\/2021\/wp-json\/wp\/v2\/comments?post=3391"}],"version-history":[{"count":11,"href":"https:\/\/diktardagar.no\/2021\/wp-json\/wp\/v2\/posts\/3391\/revisions"}],"predecessor-version":[{"id":3413,"href":"https:\/\/diktardagar.no\/2021\/wp-json\/wp\/v2\/posts\/3391\/revisions\/3413"}],"wp:featuredmedia":[{"embeddable":true,"href":"https:\/\/diktardagar.no\/2021\/wp-json\/wp\/v2\/media\/3070"}],"wp:attachment":[{"href":"https:\/\/diktardagar.no\/2021\/wp-json\/wp\/v2\/media?parent=3391"}],"wp:term":[{"taxonomy":"category","embeddable":true,"href":"https:\/\/diktardagar.no\/2021\/wp-json\/wp\/v2\/categories?post=3391"},{"taxonomy":"post_tag","embeddable":true,"href":"https:\/\/diktardagar.no\/2021\/wp-json\/wp\/v2\/tags?post=3391"}],"curies":[{"name":"wp","href":"https:\/\/api.w.org\/{rel}","templated":true}]}}