{"id":3339,"date":"2021-08-25T14:10:30","date_gmt":"2021-08-25T12:10:30","guid":{"rendered":"https:\/\/diktardagar.no\/2021\/?p=3339"},"modified":"2021-09-01T15:45:15","modified_gmt":"2021-09-01T13:45:15","slug":"wilhelm-bjertnes-stiller-ut-i-utgard","status":"publish","type":"post","link":"https:\/\/diktardagar.no\/2021\/wilhelm-bjertnes-stiller-ut-i-utgard\/","title":{"rendered":"Wilhelm Bjertnes stiller ut i Utgard"},"content":{"rendered":"\n<p>I 2021 er det 70 \u00e5r sidan Tor Jonsson d\u00f8ydde. Wilhelm Bjertnes har funne inspirasjon i dikta hans og stiller ut m\u00e5leria sine i Utgard. Utstillinga opnar onsdag 1. september kl. 18.00.<\/p>\n\n\n\n<p>I h\u00f8ve 20-\u00e5rsjubileet for Diktardagar blir det \u00f2g plakatutstilling i Utgard. <\/p>\n\n\n\n<p>Foto: Fjuken<\/p>\n","protected":false},"excerpt":{"rendered":"<p>I 2021 er det 70 \u00e5r sidan Tor Jonsson d\u00f8ydde. Wilhelm Bjertnes har funne inspirasjon i dikta hans og stiller ut m\u00e5leria sine i Utgard. Utstillinga opnar onsdag 1. september kl. 18.00. I h\u00f8ve 20-\u00e5rsjubileet for Diktardagar blir det \u00f2g plakatutstilling i Utgard. Foto: Fjuken<\/p>\n","protected":false},"author":9,"featured_media":3342,"comment_status":"closed","ping_status":"open","sticky":false,"template":"","format":"standard","meta":{"footnotes":""},"categories":[6],"tags":[],"class_list":["post-3339","post","type-post","status-publish","format-standard","has-post-thumbnail","hentry","category-nyheter"],"yoast_head":"<!-- This site is optimized with the Yoast SEO plugin v27.5 - https:\/\/yoast.com\/product\/yoast-seo-wordpress\/ -->\n<title>Wilhelm Bjertnes stiller ut i Utgard - Diktardagar 2021<\/title>\n<meta name=\"robots\" content=\"index, follow, max-snippet:-1, max-image-preview:large, max-video-preview:-1\" \/>\n<link rel=\"canonical\" href=\"https:\/\/diktardagar.no\/2021\/wilhelm-bjertnes-stiller-ut-i-utgard\/\" class=\"yoast-seo-meta-tag\" \/>\n<meta property=\"og:locale\" content=\"nb_NO\" class=\"yoast-seo-meta-tag\" \/>\n<meta property=\"og:type\" content=\"article\" class=\"yoast-seo-meta-tag\" \/>\n<meta property=\"og:title\" content=\"Wilhelm Bjertnes stiller ut i Utgard - Diktardagar 2021\" class=\"yoast-seo-meta-tag\" \/>\n<meta property=\"og:description\" content=\"I 2021 er det 70 \u00e5r sidan Tor Jonsson d\u00f8ydde. Wilhelm Bjertnes har funne inspirasjon i dikta hans og stiller ut m\u00e5leria sine i Utgard. Utstillinga opnar onsdag 1. september kl. 18.00. I h\u00f8ve 20-\u00e5rsjubileet for Diktardagar blir det \u00f2g plakatutstilling i Utgard. Foto: Fjuken\" class=\"yoast-seo-meta-tag\" \/>\n<meta property=\"og:url\" content=\"https:\/\/diktardagar.no\/2021\/wilhelm-bjertnes-stiller-ut-i-utgard\/\" class=\"yoast-seo-meta-tag\" \/>\n<meta property=\"og:site_name\" content=\"Diktardagar 2021\" class=\"yoast-seo-meta-tag\" \/>\n<meta property=\"article:published_time\" content=\"2021-08-25T12:10:30+00:00\" class=\"yoast-seo-meta-tag\" \/>\n<meta property=\"article:modified_time\" content=\"2021-09-01T13:45:15+00:00\" class=\"yoast-seo-meta-tag\" \/>\n<meta property=\"og:image\" content=\"https:\/\/diktardagar.no\/2021\/wp-content\/uploads\/sites\/14\/2021\/08\/wilhelm1-1-fjuken.jpg\" class=\"yoast-seo-meta-tag\" \/>\n\t<meta property=\"og:image:width\" content=\"980\" class=\"yoast-seo-meta-tag\" \/>\n\t<meta property=\"og:image:height\" content=\"551\" class=\"yoast-seo-meta-tag\" \/>\n\t<meta property=\"og:image:type\" content=\"image\/jpeg\" class=\"yoast-seo-meta-tag\" \/>\n<meta name=\"author\" content=\"Rita Mundal\" class=\"yoast-seo-meta-tag\" \/>\n<meta name=\"twitter:card\" content=\"summary_large_image\" class=\"yoast-seo-meta-tag\" \/>\n<meta name=\"twitter:label1\" content=\"Skrevet av\" class=\"yoast-seo-meta-tag\" \/>\n\t<meta name=\"twitter:data1\" content=\"Rita Mundal\" class=\"yoast-seo-meta-tag\" \/>\n\t<meta name=\"twitter:label2\" content=\"Ansl. lesetid\" class=\"yoast-seo-meta-tag\" \/>\n\t<meta name=\"twitter:data2\" content=\"1 minutt\" class=\"yoast-seo-meta-tag\" \/>\n<script type=\"application\/ld+json\" class=\"yoast-schema-graph\">{\"@context\":\"https:\\\/\\\/schema.org\",\"@graph\":[{\"@type\":\"Article\",\"@id\":\"https:\\\/\\\/diktardagar.no\\\/2021\\\/wilhelm-bjertnes-stiller-ut-i-utgard\\\/#article\",\"isPartOf\":{\"@id\":\"https:\\\/\\\/diktardagar.no\\\/2021\\\/wilhelm-bjertnes-stiller-ut-i-utgard\\\/\"},\"author\":{\"name\":\"Rita Mundal\",\"@id\":\"https:\\\/\\\/diktardagar.no\\\/2021\\\/#\\\/schema\\\/person\\\/7fb47f233ba95e2647bcb7272f62fb8d\"},\"headline\":\"Wilhelm Bjertnes stiller ut i Utgard\",\"datePublished\":\"2021-08-25T12:10:30+00:00\",\"dateModified\":\"2021-09-01T13:45:15+00:00\",\"mainEntityOfPage\":{\"@id\":\"https:\\\/\\\/diktardagar.no\\\/2021\\\/wilhelm-bjertnes-stiller-ut-i-utgard\\\/\"},\"wordCount\":51,\"image\":{\"@id\":\"https:\\\/\\\/diktardagar.no\\\/2021\\\/wilhelm-bjertnes-stiller-ut-i-utgard\\\/#primaryimage\"},\"thumbnailUrl\":\"https:\\\/\\\/diktardagar.no\\\/2021\\\/wp-content\\\/uploads\\\/sites\\\/14\\\/2021\\\/08\\\/wilhelm1-1-fjuken.jpg\",\"articleSection\":[\"Nyheter\"],\"inLanguage\":\"nb-NO\"},{\"@type\":\"WebPage\",\"@id\":\"https:\\\/\\\/diktardagar.no\\\/2021\\\/wilhelm-bjertnes-stiller-ut-i-utgard\\\/\",\"url\":\"https:\\\/\\\/diktardagar.no\\\/2021\\\/wilhelm-bjertnes-stiller-ut-i-utgard\\\/\",\"name\":\"Wilhelm Bjertnes stiller ut i Utgard - Diktardagar 2021\",\"isPartOf\":{\"@id\":\"https:\\\/\\\/diktardagar.no\\\/2021\\\/#website\"},\"primaryImageOfPage\":{\"@id\":\"https:\\\/\\\/diktardagar.no\\\/2021\\\/wilhelm-bjertnes-stiller-ut-i-utgard\\\/#primaryimage\"},\"image\":{\"@id\":\"https:\\\/\\\/diktardagar.no\\\/2021\\\/wilhelm-bjertnes-stiller-ut-i-utgard\\\/#primaryimage\"},\"thumbnailUrl\":\"https:\\\/\\\/diktardagar.no\\\/2021\\\/wp-content\\\/uploads\\\/sites\\\/14\\\/2021\\\/08\\\/wilhelm1-1-fjuken.jpg\",\"datePublished\":\"2021-08-25T12:10:30+00:00\",\"dateModified\":\"2021-09-01T13:45:15+00:00\",\"author\":{\"@id\":\"https:\\\/\\\/diktardagar.no\\\/2021\\\/#\\\/schema\\\/person\\\/7fb47f233ba95e2647bcb7272f62fb8d\"},\"breadcrumb\":{\"@id\":\"https:\\\/\\\/diktardagar.no\\\/2021\\\/wilhelm-bjertnes-stiller-ut-i-utgard\\\/#breadcrumb\"},\"inLanguage\":\"nb-NO\",\"potentialAction\":[{\"@type\":\"ReadAction\",\"target\":[\"https:\\\/\\\/diktardagar.no\\\/2021\\\/wilhelm-bjertnes-stiller-ut-i-utgard\\\/\"]}]},{\"@type\":\"ImageObject\",\"inLanguage\":\"nb-NO\",\"@id\":\"https:\\\/\\\/diktardagar.no\\\/2021\\\/wilhelm-bjertnes-stiller-ut-i-utgard\\\/#primaryimage\",\"url\":\"https:\\\/\\\/diktardagar.no\\\/2021\\\/wp-content\\\/uploads\\\/sites\\\/14\\\/2021\\\/08\\\/wilhelm1-1-fjuken.jpg\",\"contentUrl\":\"https:\\\/\\\/diktardagar.no\\\/2021\\\/wp-content\\\/uploads\\\/sites\\\/14\\\/2021\\\/08\\\/wilhelm1-1-fjuken.jpg\",\"width\":980,\"height\":551,\"caption\":\"Foto: Fjuken\"},{\"@type\":\"BreadcrumbList\",\"@id\":\"https:\\\/\\\/diktardagar.no\\\/2021\\\/wilhelm-bjertnes-stiller-ut-i-utgard\\\/#breadcrumb\",\"itemListElement\":[{\"@type\":\"ListItem\",\"position\":1,\"name\":\"Hjem\",\"item\":\"https:\\\/\\\/diktardagar.no\\\/2021\\\/\"},{\"@type\":\"ListItem\",\"position\":2,\"name\":\"Wilhelm Bjertnes stiller ut i Utgard\"}]},{\"@type\":\"WebSite\",\"@id\":\"https:\\\/\\\/diktardagar.no\\\/2021\\\/#website\",\"url\":\"https:\\\/\\\/diktardagar.no\\\/2021\\\/\",\"name\":\"Diktardagar 2021\",\"description\":\"\",\"potentialAction\":[{\"@type\":\"SearchAction\",\"target\":{\"@type\":\"EntryPoint\",\"urlTemplate\":\"https:\\\/\\\/diktardagar.no\\\/2021\\\/?s={search_term_string}\"},\"query-input\":{\"@type\":\"PropertyValueSpecification\",\"valueRequired\":true,\"valueName\":\"search_term_string\"}}],\"inLanguage\":\"nb-NO\"},{\"@type\":\"Person\",\"@id\":\"https:\\\/\\\/diktardagar.no\\\/2021\\\/#\\\/schema\\\/person\\\/7fb47f233ba95e2647bcb7272f62fb8d\",\"name\":\"Rita Mundal\",\"image\":{\"@type\":\"ImageObject\",\"inLanguage\":\"nb-NO\",\"@id\":\"https:\\\/\\\/secure.gravatar.com\\\/avatar\\\/228396b8b9e76ae3583b1bccf5409689b305059981e143d0929be483a9a2767b?s=96&d=mm&r=g\",\"url\":\"https:\\\/\\\/secure.gravatar.com\\\/avatar\\\/228396b8b9e76ae3583b1bccf5409689b305059981e143d0929be483a9a2767b?s=96&d=mm&r=g\",\"contentUrl\":\"https:\\\/\\\/secure.gravatar.com\\\/avatar\\\/228396b8b9e76ae3583b1bccf5409689b305059981e143d0929be483a9a2767b?s=96&d=mm&r=g\",\"caption\":\"Rita Mundal\"},\"sameAs\":[\"http:\\\/\\\/www.lom.kommune.no\"],\"url\":\"https:\\\/\\\/diktardagar.no\\\/2021\\\/author\\\/rita\\\/\"}]}<\/script>\n<!-- \/ Yoast SEO plugin. -->","yoast_head_json":{"title":"Wilhelm Bjertnes stiller ut i Utgard - Diktardagar 2021","robots":{"index":"index","follow":"follow","max-snippet":"max-snippet:-1","max-image-preview":"max-image-preview:large","max-video-preview":"max-video-preview:-1"},"canonical":"https:\/\/diktardagar.no\/2021\/wilhelm-bjertnes-stiller-ut-i-utgard\/","og_locale":"nb_NO","og_type":"article","og_title":"Wilhelm Bjertnes stiller ut i Utgard - Diktardagar 2021","og_description":"I 2021 er det 70 \u00e5r sidan Tor Jonsson d\u00f8ydde. Wilhelm Bjertnes har funne inspirasjon i dikta hans og stiller ut m\u00e5leria sine i Utgard. Utstillinga opnar onsdag 1. september kl. 18.00. I h\u00f8ve 20-\u00e5rsjubileet for Diktardagar blir det \u00f2g plakatutstilling i Utgard. Foto: Fjuken","og_url":"https:\/\/diktardagar.no\/2021\/wilhelm-bjertnes-stiller-ut-i-utgard\/","og_site_name":"Diktardagar 2021","article_published_time":"2021-08-25T12:10:30+00:00","article_modified_time":"2021-09-01T13:45:15+00:00","og_image":[{"width":980,"height":551,"url":"https:\/\/diktardagar.no\/2021\/wp-content\/uploads\/sites\/14\/2021\/08\/wilhelm1-1-fjuken.jpg","type":"image\/jpeg"}],"author":"Rita Mundal","twitter_card":"summary_large_image","twitter_misc":{"Skrevet av":"Rita Mundal","Ansl. lesetid":"1 minutt"},"schema":{"@context":"https:\/\/schema.org","@graph":[{"@type":"Article","@id":"https:\/\/diktardagar.no\/2021\/wilhelm-bjertnes-stiller-ut-i-utgard\/#article","isPartOf":{"@id":"https:\/\/diktardagar.no\/2021\/wilhelm-bjertnes-stiller-ut-i-utgard\/"},"author":{"name":"Rita Mundal","@id":"https:\/\/diktardagar.no\/2021\/#\/schema\/person\/7fb47f233ba95e2647bcb7272f62fb8d"},"headline":"Wilhelm Bjertnes stiller ut i Utgard","datePublished":"2021-08-25T12:10:30+00:00","dateModified":"2021-09-01T13:45:15+00:00","mainEntityOfPage":{"@id":"https:\/\/diktardagar.no\/2021\/wilhelm-bjertnes-stiller-ut-i-utgard\/"},"wordCount":51,"image":{"@id":"https:\/\/diktardagar.no\/2021\/wilhelm-bjertnes-stiller-ut-i-utgard\/#primaryimage"},"thumbnailUrl":"https:\/\/diktardagar.no\/2021\/wp-content\/uploads\/sites\/14\/2021\/08\/wilhelm1-1-fjuken.jpg","articleSection":["Nyheter"],"inLanguage":"nb-NO"},{"@type":"WebPage","@id":"https:\/\/diktardagar.no\/2021\/wilhelm-bjertnes-stiller-ut-i-utgard\/","url":"https:\/\/diktardagar.no\/2021\/wilhelm-bjertnes-stiller-ut-i-utgard\/","name":"Wilhelm Bjertnes stiller ut i Utgard - Diktardagar 2021","isPartOf":{"@id":"https:\/\/diktardagar.no\/2021\/#website"},"primaryImageOfPage":{"@id":"https:\/\/diktardagar.no\/2021\/wilhelm-bjertnes-stiller-ut-i-utgard\/#primaryimage"},"image":{"@id":"https:\/\/diktardagar.no\/2021\/wilhelm-bjertnes-stiller-ut-i-utgard\/#primaryimage"},"thumbnailUrl":"https:\/\/diktardagar.no\/2021\/wp-content\/uploads\/sites\/14\/2021\/08\/wilhelm1-1-fjuken.jpg","datePublished":"2021-08-25T12:10:30+00:00","dateModified":"2021-09-01T13:45:15+00:00","author":{"@id":"https:\/\/diktardagar.no\/2021\/#\/schema\/person\/7fb47f233ba95e2647bcb7272f62fb8d"},"breadcrumb":{"@id":"https:\/\/diktardagar.no\/2021\/wilhelm-bjertnes-stiller-ut-i-utgard\/#breadcrumb"},"inLanguage":"nb-NO","potentialAction":[{"@type":"ReadAction","target":["https:\/\/diktardagar.no\/2021\/wilhelm-bjertnes-stiller-ut-i-utgard\/"]}]},{"@type":"ImageObject","inLanguage":"nb-NO","@id":"https:\/\/diktardagar.no\/2021\/wilhelm-bjertnes-stiller-ut-i-utgard\/#primaryimage","url":"https:\/\/diktardagar.no\/2021\/wp-content\/uploads\/sites\/14\/2021\/08\/wilhelm1-1-fjuken.jpg","contentUrl":"https:\/\/diktardagar.no\/2021\/wp-content\/uploads\/sites\/14\/2021\/08\/wilhelm1-1-fjuken.jpg","width":980,"height":551,"caption":"Foto: Fjuken"},{"@type":"BreadcrumbList","@id":"https:\/\/diktardagar.no\/2021\/wilhelm-bjertnes-stiller-ut-i-utgard\/#breadcrumb","itemListElement":[{"@type":"ListItem","position":1,"name":"Hjem","item":"https:\/\/diktardagar.no\/2021\/"},{"@type":"ListItem","position":2,"name":"Wilhelm Bjertnes stiller ut i Utgard"}]},{"@type":"WebSite","@id":"https:\/\/diktardagar.no\/2021\/#website","url":"https:\/\/diktardagar.no\/2021\/","name":"Diktardagar 2021","description":"","potentialAction":[{"@type":"SearchAction","target":{"@type":"EntryPoint","urlTemplate":"https:\/\/diktardagar.no\/2021\/?s={search_term_string}"},"query-input":{"@type":"PropertyValueSpecification","valueRequired":true,"valueName":"search_term_string"}}],"inLanguage":"nb-NO"},{"@type":"Person","@id":"https:\/\/diktardagar.no\/2021\/#\/schema\/person\/7fb47f233ba95e2647bcb7272f62fb8d","name":"Rita Mundal","image":{"@type":"ImageObject","inLanguage":"nb-NO","@id":"https:\/\/secure.gravatar.com\/avatar\/228396b8b9e76ae3583b1bccf5409689b305059981e143d0929be483a9a2767b?s=96&d=mm&r=g","url":"https:\/\/secure.gravatar.com\/avatar\/228396b8b9e76ae3583b1bccf5409689b305059981e143d0929be483a9a2767b?s=96&d=mm&r=g","contentUrl":"https:\/\/secure.gravatar.com\/avatar\/228396b8b9e76ae3583b1bccf5409689b305059981e143d0929be483a9a2767b?s=96&d=mm&r=g","caption":"Rita Mundal"},"sameAs":["http:\/\/www.lom.kommune.no"],"url":"https:\/\/diktardagar.no\/2021\/author\/rita\/"}]}},"_links":{"self":[{"href":"https:\/\/diktardagar.no\/2021\/wp-json\/wp\/v2\/posts\/3339","targetHints":{"allow":["GET"]}}],"collection":[{"href":"https:\/\/diktardagar.no\/2021\/wp-json\/wp\/v2\/posts"}],"about":[{"href":"https:\/\/diktardagar.no\/2021\/wp-json\/wp\/v2\/types\/post"}],"author":[{"embeddable":true,"href":"https:\/\/diktardagar.no\/2021\/wp-json\/wp\/v2\/users\/9"}],"replies":[{"embeddable":true,"href":"https:\/\/diktardagar.no\/2021\/wp-json\/wp\/v2\/comments?post=3339"}],"version-history":[{"count":2,"href":"https:\/\/diktardagar.no\/2021\/wp-json\/wp\/v2\/posts\/3339\/revisions"}],"predecessor-version":[{"id":3364,"href":"https:\/\/diktardagar.no\/2021\/wp-json\/wp\/v2\/posts\/3339\/revisions\/3364"}],"wp:featuredmedia":[{"embeddable":true,"href":"https:\/\/diktardagar.no\/2021\/wp-json\/wp\/v2\/media\/3342"}],"wp:attachment":[{"href":"https:\/\/diktardagar.no\/2021\/wp-json\/wp\/v2\/media?parent=3339"}],"wp:term":[{"taxonomy":"category","embeddable":true,"href":"https:\/\/diktardagar.no\/2021\/wp-json\/wp\/v2\/categories?post=3339"},{"taxonomy":"post_tag","embeddable":true,"href":"https:\/\/diktardagar.no\/2021\/wp-json\/wp\/v2\/tags?post=3339"}],"curies":[{"name":"wp","href":"https:\/\/api.w.org\/{rel}","templated":true}]}}