{"id":3234,"date":"2021-08-05T13:40:52","date_gmt":"2021-08-05T11:40:52","guid":{"rendered":"https:\/\/diktardagar.no\/2021\/?p=3234"},"modified":"2021-08-05T13:40:53","modified_gmt":"2021-08-05T11:40:53","slug":"opningsprogram-om-o-m-hogasen","status":"publish","type":"post","link":"https:\/\/diktardagar.no\/2021\/opningsprogram-om-o-m-hogasen\/","title":{"rendered":"Opningsprogram om O. M. H\u00f8g\u00e5sen"},"content":{"rendered":"\n<p>Ola Martinus H\u00f8g\u00e5sen<strong>, <\/strong>oftast omtala som\u00a0O.M. H\u00f8g\u00e5sen\u00a0eller bare\u00a0Martinus H\u00f8g\u00e5sen, var f\u00f8dd i Grue i 1900. Han kom fr\u00e5 sm\u00e5 k\u00e5r p\u00e5 Finnskogen. I ungdommen var han med far sin som skogsarbeidar, men trongen etter bokleg l\u00e6rdom var stor. Han fekk ordna med l\u00e5n og gjekk den 2-\u00e5rige l\u00e6rarskulen i Oslo. I 1921 var han ferdig utdanna l\u00e6rar, og fekk seg l\u00e6rarpost i Sk\u00e5bu. Fr\u00e5 1939 var han l\u00e6rar og klokkar i V\u00e5g\u00e5, seinare fekk han stilling som skuleinspekt\u00f8r. <\/p>\n\n\n\n<p>O.M. H\u00f8g\u00e5sen var eit engasjert og skrivande menneske. Han gav ut diktsamlingar og barneb\u00f8ker, skreiv avisartiklar, prologar og foredrag. I 1940 organiserte han frivilligvern, vart arrestert fleire gonger under krigen og forvist fr\u00e5\u00a0bygda. Han var politisk aktiv. I V\u00e5g\u00e5\u00a0var han medlem av kommunestyret i 15\u00a0\u00e5r, og ordf\u00f8rar for Arbeiderpartiet fr\u00e5 1945 til 1951. Han hadde ei rekkje verv b\u00e5de lokalt og nasjonalt som forfattar og redakt\u00f8r, folkeminnesamler, lokalhistoriker, avhaldsforkjempar og nynorskforkjemper. Det er han som st\u00e5r bak den nynorske versjonen av <em><a href=\"http:\/\/nkpmn.org\/Arkivgeocitiescomnkpmn\/musikk\/internasjonalennynorsk.html\">Internasjonalen<\/a><\/em>.<\/p>\n\n\n\n<p>Han og kona Helga, f\u00f8dd Oppheim, fekk tre s\u00f8ner og ei dotter. O.M. H\u00f8g\u00e5sen d\u00f8ydde i 1964 i V\u00e5g\u00e5.<\/p>\n\n\n\n<p>I \u00e5r ynskjer Diktardagar \u00e5 \u00e6re Ola Martinus H\u00f8g\u00e5sen. Opninga av festivalen er lagt til heimen hans i Grindstugu. Der blir det omvising og enkel servering, og Hilde Sandvik held foredrag om bestefaren. <\/p>\n","protected":false},"excerpt":{"rendered":"<p>Ola Martinus H\u00f8g\u00e5sen, oftast omtala som\u00a0O.M. H\u00f8g\u00e5sen\u00a0eller bare\u00a0Martinus H\u00f8g\u00e5sen, var f\u00f8dd i Grue i 1900. Han kom fr\u00e5 sm\u00e5 k\u00e5r p\u00e5 Finnskogen. I ungdommen var han med far sin som skogsarbeidar, men trongen etter bokleg l\u00e6rdom var stor. Han fekk ordna med l\u00e5n og gjekk den 2-\u00e5rige l\u00e6rarskulen i Oslo. I 1921 var han ferdig&hellip;<\/p>\n","protected":false},"author":9,"featured_media":3233,"comment_status":"closed","ping_status":"open","sticky":false,"template":"","format":"standard","meta":{"footnotes":""},"categories":[6],"tags":[],"class_list":["post-3234","post","type-post","status-publish","format-standard","has-post-thumbnail","hentry","category-nyheter"],"yoast_head":"<!-- This site is optimized with the Yoast SEO plugin v27.5 - https:\/\/yoast.com\/product\/yoast-seo-wordpress\/ -->\n<title>Opningsprogram om O. M. H\u00f8g\u00e5sen - Diktardagar 2021<\/title>\n<meta name=\"robots\" content=\"index, follow, max-snippet:-1, max-image-preview:large, max-video-preview:-1\" \/>\n<link rel=\"canonical\" href=\"https:\/\/diktardagar.no\/2021\/opningsprogram-om-o-m-hogasen\/\" class=\"yoast-seo-meta-tag\" \/>\n<meta property=\"og:locale\" content=\"nb_NO\" class=\"yoast-seo-meta-tag\" \/>\n<meta property=\"og:type\" content=\"article\" class=\"yoast-seo-meta-tag\" \/>\n<meta property=\"og:title\" content=\"Opningsprogram om O. M. H\u00f8g\u00e5sen - Diktardagar 2021\" class=\"yoast-seo-meta-tag\" \/>\n<meta property=\"og:description\" content=\"Ola Martinus H\u00f8g\u00e5sen, oftast omtala som\u00a0O.M. H\u00f8g\u00e5sen\u00a0eller bare\u00a0Martinus H\u00f8g\u00e5sen, var f\u00f8dd i Grue i 1900. Han kom fr\u00e5 sm\u00e5 k\u00e5r p\u00e5 Finnskogen. I ungdommen var han med far sin som skogsarbeidar, men trongen etter bokleg l\u00e6rdom var stor. Han fekk ordna med l\u00e5n og gjekk den 2-\u00e5rige l\u00e6rarskulen i Oslo. I 1921 var han ferdig&hellip;\" class=\"yoast-seo-meta-tag\" \/>\n<meta property=\"og:url\" content=\"https:\/\/diktardagar.no\/2021\/opningsprogram-om-o-m-hogasen\/\" class=\"yoast-seo-meta-tag\" \/>\n<meta property=\"og:site_name\" content=\"Diktardagar 2021\" class=\"yoast-seo-meta-tag\" \/>\n<meta property=\"article:published_time\" content=\"2021-08-05T11:40:52+00:00\" class=\"yoast-seo-meta-tag\" \/>\n<meta property=\"article:modified_time\" content=\"2021-08-05T11:40:53+00:00\" class=\"yoast-seo-meta-tag\" \/>\n<meta property=\"og:image\" content=\"https:\/\/diktardagar.no\/2021\/wp-content\/uploads\/sites\/14\/2021\/06\/Martinius1200.jpg\" class=\"yoast-seo-meta-tag\" \/>\n\t<meta property=\"og:image:width\" content=\"1200\" class=\"yoast-seo-meta-tag\" \/>\n\t<meta property=\"og:image:height\" content=\"1710\" class=\"yoast-seo-meta-tag\" \/>\n\t<meta property=\"og:image:type\" content=\"image\/jpeg\" class=\"yoast-seo-meta-tag\" \/>\n<meta name=\"author\" content=\"Rita Mundal\" class=\"yoast-seo-meta-tag\" \/>\n<meta name=\"twitter:card\" content=\"summary_large_image\" class=\"yoast-seo-meta-tag\" \/>\n<meta name=\"twitter:label1\" content=\"Skrevet av\" class=\"yoast-seo-meta-tag\" \/>\n\t<meta name=\"twitter:data1\" content=\"Rita Mundal\" class=\"yoast-seo-meta-tag\" \/>\n\t<meta name=\"twitter:label2\" content=\"Ansl. lesetid\" class=\"yoast-seo-meta-tag\" \/>\n\t<meta name=\"twitter:data2\" content=\"1 minutt\" class=\"yoast-seo-meta-tag\" \/>\n<script type=\"application\/ld+json\" class=\"yoast-schema-graph\">{\"@context\":\"https:\\\/\\\/schema.org\",\"@graph\":[{\"@type\":\"Article\",\"@id\":\"https:\\\/\\\/diktardagar.no\\\/2021\\\/opningsprogram-om-o-m-hogasen\\\/#article\",\"isPartOf\":{\"@id\":\"https:\\\/\\\/diktardagar.no\\\/2021\\\/opningsprogram-om-o-m-hogasen\\\/\"},\"author\":{\"name\":\"Rita Mundal\",\"@id\":\"https:\\\/\\\/diktardagar.no\\\/2021\\\/#\\\/schema\\\/person\\\/7fb47f233ba95e2647bcb7272f62fb8d\"},\"headline\":\"Opningsprogram om O. M. H\u00f8g\u00e5sen\",\"datePublished\":\"2021-08-05T11:40:52+00:00\",\"dateModified\":\"2021-08-05T11:40:53+00:00\",\"mainEntityOfPage\":{\"@id\":\"https:\\\/\\\/diktardagar.no\\\/2021\\\/opningsprogram-om-o-m-hogasen\\\/\"},\"wordCount\":253,\"image\":{\"@id\":\"https:\\\/\\\/diktardagar.no\\\/2021\\\/opningsprogram-om-o-m-hogasen\\\/#primaryimage\"},\"thumbnailUrl\":\"https:\\\/\\\/diktardagar.no\\\/2021\\\/wp-content\\\/uploads\\\/sites\\\/14\\\/2021\\\/06\\\/Martinius1200.jpg\",\"articleSection\":[\"Nyheter\"],\"inLanguage\":\"nb-NO\"},{\"@type\":\"WebPage\",\"@id\":\"https:\\\/\\\/diktardagar.no\\\/2021\\\/opningsprogram-om-o-m-hogasen\\\/\",\"url\":\"https:\\\/\\\/diktardagar.no\\\/2021\\\/opningsprogram-om-o-m-hogasen\\\/\",\"name\":\"Opningsprogram om O. M. H\u00f8g\u00e5sen - Diktardagar 2021\",\"isPartOf\":{\"@id\":\"https:\\\/\\\/diktardagar.no\\\/2021\\\/#website\"},\"primaryImageOfPage\":{\"@id\":\"https:\\\/\\\/diktardagar.no\\\/2021\\\/opningsprogram-om-o-m-hogasen\\\/#primaryimage\"},\"image\":{\"@id\":\"https:\\\/\\\/diktardagar.no\\\/2021\\\/opningsprogram-om-o-m-hogasen\\\/#primaryimage\"},\"thumbnailUrl\":\"https:\\\/\\\/diktardagar.no\\\/2021\\\/wp-content\\\/uploads\\\/sites\\\/14\\\/2021\\\/06\\\/Martinius1200.jpg\",\"datePublished\":\"2021-08-05T11:40:52+00:00\",\"dateModified\":\"2021-08-05T11:40:53+00:00\",\"author\":{\"@id\":\"https:\\\/\\\/diktardagar.no\\\/2021\\\/#\\\/schema\\\/person\\\/7fb47f233ba95e2647bcb7272f62fb8d\"},\"breadcrumb\":{\"@id\":\"https:\\\/\\\/diktardagar.no\\\/2021\\\/opningsprogram-om-o-m-hogasen\\\/#breadcrumb\"},\"inLanguage\":\"nb-NO\",\"potentialAction\":[{\"@type\":\"ReadAction\",\"target\":[\"https:\\\/\\\/diktardagar.no\\\/2021\\\/opningsprogram-om-o-m-hogasen\\\/\"]}]},{\"@type\":\"ImageObject\",\"inLanguage\":\"nb-NO\",\"@id\":\"https:\\\/\\\/diktardagar.no\\\/2021\\\/opningsprogram-om-o-m-hogasen\\\/#primaryimage\",\"url\":\"https:\\\/\\\/diktardagar.no\\\/2021\\\/wp-content\\\/uploads\\\/sites\\\/14\\\/2021\\\/06\\\/Martinius1200.jpg\",\"contentUrl\":\"https:\\\/\\\/diktardagar.no\\\/2021\\\/wp-content\\\/uploads\\\/sites\\\/14\\\/2021\\\/06\\\/Martinius1200.jpg\",\"width\":1200,\"height\":1710,\"caption\":\"Foto: Privat\"},{\"@type\":\"BreadcrumbList\",\"@id\":\"https:\\\/\\\/diktardagar.no\\\/2021\\\/opningsprogram-om-o-m-hogasen\\\/#breadcrumb\",\"itemListElement\":[{\"@type\":\"ListItem\",\"position\":1,\"name\":\"Hjem\",\"item\":\"https:\\\/\\\/diktardagar.no\\\/2021\\\/\"},{\"@type\":\"ListItem\",\"position\":2,\"name\":\"Opningsprogram om O. M. H\u00f8g\u00e5sen\"}]},{\"@type\":\"WebSite\",\"@id\":\"https:\\\/\\\/diktardagar.no\\\/2021\\\/#website\",\"url\":\"https:\\\/\\\/diktardagar.no\\\/2021\\\/\",\"name\":\"Diktardagar 2021\",\"description\":\"\",\"potentialAction\":[{\"@type\":\"SearchAction\",\"target\":{\"@type\":\"EntryPoint\",\"urlTemplate\":\"https:\\\/\\\/diktardagar.no\\\/2021\\\/?s={search_term_string}\"},\"query-input\":{\"@type\":\"PropertyValueSpecification\",\"valueRequired\":true,\"valueName\":\"search_term_string\"}}],\"inLanguage\":\"nb-NO\"},{\"@type\":\"Person\",\"@id\":\"https:\\\/\\\/diktardagar.no\\\/2021\\\/#\\\/schema\\\/person\\\/7fb47f233ba95e2647bcb7272f62fb8d\",\"name\":\"Rita Mundal\",\"image\":{\"@type\":\"ImageObject\",\"inLanguage\":\"nb-NO\",\"@id\":\"https:\\\/\\\/secure.gravatar.com\\\/avatar\\\/228396b8b9e76ae3583b1bccf5409689b305059981e143d0929be483a9a2767b?s=96&d=mm&r=g\",\"url\":\"https:\\\/\\\/secure.gravatar.com\\\/avatar\\\/228396b8b9e76ae3583b1bccf5409689b305059981e143d0929be483a9a2767b?s=96&d=mm&r=g\",\"contentUrl\":\"https:\\\/\\\/secure.gravatar.com\\\/avatar\\\/228396b8b9e76ae3583b1bccf5409689b305059981e143d0929be483a9a2767b?s=96&d=mm&r=g\",\"caption\":\"Rita Mundal\"},\"sameAs\":[\"http:\\\/\\\/www.lom.kommune.no\"],\"url\":\"https:\\\/\\\/diktardagar.no\\\/2021\\\/author\\\/rita\\\/\"}]}<\/script>\n<!-- \/ Yoast SEO plugin. -->","yoast_head_json":{"title":"Opningsprogram om O. M. H\u00f8g\u00e5sen - Diktardagar 2021","robots":{"index":"index","follow":"follow","max-snippet":"max-snippet:-1","max-image-preview":"max-image-preview:large","max-video-preview":"max-video-preview:-1"},"canonical":"https:\/\/diktardagar.no\/2021\/opningsprogram-om-o-m-hogasen\/","og_locale":"nb_NO","og_type":"article","og_title":"Opningsprogram om O. M. H\u00f8g\u00e5sen - Diktardagar 2021","og_description":"Ola Martinus H\u00f8g\u00e5sen, oftast omtala som\u00a0O.M. H\u00f8g\u00e5sen\u00a0eller bare\u00a0Martinus H\u00f8g\u00e5sen, var f\u00f8dd i Grue i 1900. Han kom fr\u00e5 sm\u00e5 k\u00e5r p\u00e5 Finnskogen. I ungdommen var han med far sin som skogsarbeidar, men trongen etter bokleg l\u00e6rdom var stor. Han fekk ordna med l\u00e5n og gjekk den 2-\u00e5rige l\u00e6rarskulen i Oslo. I 1921 var han ferdig&hellip;","og_url":"https:\/\/diktardagar.no\/2021\/opningsprogram-om-o-m-hogasen\/","og_site_name":"Diktardagar 2021","article_published_time":"2021-08-05T11:40:52+00:00","article_modified_time":"2021-08-05T11:40:53+00:00","og_image":[{"width":1200,"height":1710,"url":"https:\/\/diktardagar.no\/2021\/wp-content\/uploads\/sites\/14\/2021\/06\/Martinius1200.jpg","type":"image\/jpeg"}],"author":"Rita Mundal","twitter_card":"summary_large_image","twitter_misc":{"Skrevet av":"Rita Mundal","Ansl. lesetid":"1 minutt"},"schema":{"@context":"https:\/\/schema.org","@graph":[{"@type":"Article","@id":"https:\/\/diktardagar.no\/2021\/opningsprogram-om-o-m-hogasen\/#article","isPartOf":{"@id":"https:\/\/diktardagar.no\/2021\/opningsprogram-om-o-m-hogasen\/"},"author":{"name":"Rita Mundal","@id":"https:\/\/diktardagar.no\/2021\/#\/schema\/person\/7fb47f233ba95e2647bcb7272f62fb8d"},"headline":"Opningsprogram om O. M. H\u00f8g\u00e5sen","datePublished":"2021-08-05T11:40:52+00:00","dateModified":"2021-08-05T11:40:53+00:00","mainEntityOfPage":{"@id":"https:\/\/diktardagar.no\/2021\/opningsprogram-om-o-m-hogasen\/"},"wordCount":253,"image":{"@id":"https:\/\/diktardagar.no\/2021\/opningsprogram-om-o-m-hogasen\/#primaryimage"},"thumbnailUrl":"https:\/\/diktardagar.no\/2021\/wp-content\/uploads\/sites\/14\/2021\/06\/Martinius1200.jpg","articleSection":["Nyheter"],"inLanguage":"nb-NO"},{"@type":"WebPage","@id":"https:\/\/diktardagar.no\/2021\/opningsprogram-om-o-m-hogasen\/","url":"https:\/\/diktardagar.no\/2021\/opningsprogram-om-o-m-hogasen\/","name":"Opningsprogram om O. M. H\u00f8g\u00e5sen - Diktardagar 2021","isPartOf":{"@id":"https:\/\/diktardagar.no\/2021\/#website"},"primaryImageOfPage":{"@id":"https:\/\/diktardagar.no\/2021\/opningsprogram-om-o-m-hogasen\/#primaryimage"},"image":{"@id":"https:\/\/diktardagar.no\/2021\/opningsprogram-om-o-m-hogasen\/#primaryimage"},"thumbnailUrl":"https:\/\/diktardagar.no\/2021\/wp-content\/uploads\/sites\/14\/2021\/06\/Martinius1200.jpg","datePublished":"2021-08-05T11:40:52+00:00","dateModified":"2021-08-05T11:40:53+00:00","author":{"@id":"https:\/\/diktardagar.no\/2021\/#\/schema\/person\/7fb47f233ba95e2647bcb7272f62fb8d"},"breadcrumb":{"@id":"https:\/\/diktardagar.no\/2021\/opningsprogram-om-o-m-hogasen\/#breadcrumb"},"inLanguage":"nb-NO","potentialAction":[{"@type":"ReadAction","target":["https:\/\/diktardagar.no\/2021\/opningsprogram-om-o-m-hogasen\/"]}]},{"@type":"ImageObject","inLanguage":"nb-NO","@id":"https:\/\/diktardagar.no\/2021\/opningsprogram-om-o-m-hogasen\/#primaryimage","url":"https:\/\/diktardagar.no\/2021\/wp-content\/uploads\/sites\/14\/2021\/06\/Martinius1200.jpg","contentUrl":"https:\/\/diktardagar.no\/2021\/wp-content\/uploads\/sites\/14\/2021\/06\/Martinius1200.jpg","width":1200,"height":1710,"caption":"Foto: Privat"},{"@type":"BreadcrumbList","@id":"https:\/\/diktardagar.no\/2021\/opningsprogram-om-o-m-hogasen\/#breadcrumb","itemListElement":[{"@type":"ListItem","position":1,"name":"Hjem","item":"https:\/\/diktardagar.no\/2021\/"},{"@type":"ListItem","position":2,"name":"Opningsprogram om O. M. H\u00f8g\u00e5sen"}]},{"@type":"WebSite","@id":"https:\/\/diktardagar.no\/2021\/#website","url":"https:\/\/diktardagar.no\/2021\/","name":"Diktardagar 2021","description":"","potentialAction":[{"@type":"SearchAction","target":{"@type":"EntryPoint","urlTemplate":"https:\/\/diktardagar.no\/2021\/?s={search_term_string}"},"query-input":{"@type":"PropertyValueSpecification","valueRequired":true,"valueName":"search_term_string"}}],"inLanguage":"nb-NO"},{"@type":"Person","@id":"https:\/\/diktardagar.no\/2021\/#\/schema\/person\/7fb47f233ba95e2647bcb7272f62fb8d","name":"Rita Mundal","image":{"@type":"ImageObject","inLanguage":"nb-NO","@id":"https:\/\/secure.gravatar.com\/avatar\/228396b8b9e76ae3583b1bccf5409689b305059981e143d0929be483a9a2767b?s=96&d=mm&r=g","url":"https:\/\/secure.gravatar.com\/avatar\/228396b8b9e76ae3583b1bccf5409689b305059981e143d0929be483a9a2767b?s=96&d=mm&r=g","contentUrl":"https:\/\/secure.gravatar.com\/avatar\/228396b8b9e76ae3583b1bccf5409689b305059981e143d0929be483a9a2767b?s=96&d=mm&r=g","caption":"Rita Mundal"},"sameAs":["http:\/\/www.lom.kommune.no"],"url":"https:\/\/diktardagar.no\/2021\/author\/rita\/"}]}},"_links":{"self":[{"href":"https:\/\/diktardagar.no\/2021\/wp-json\/wp\/v2\/posts\/3234","targetHints":{"allow":["GET"]}}],"collection":[{"href":"https:\/\/diktardagar.no\/2021\/wp-json\/wp\/v2\/posts"}],"about":[{"href":"https:\/\/diktardagar.no\/2021\/wp-json\/wp\/v2\/types\/post"}],"author":[{"embeddable":true,"href":"https:\/\/diktardagar.no\/2021\/wp-json\/wp\/v2\/users\/9"}],"replies":[{"embeddable":true,"href":"https:\/\/diktardagar.no\/2021\/wp-json\/wp\/v2\/comments?post=3234"}],"version-history":[{"count":1,"href":"https:\/\/diktardagar.no\/2021\/wp-json\/wp\/v2\/posts\/3234\/revisions"}],"predecessor-version":[{"id":3235,"href":"https:\/\/diktardagar.no\/2021\/wp-json\/wp\/v2\/posts\/3234\/revisions\/3235"}],"wp:featuredmedia":[{"embeddable":true,"href":"https:\/\/diktardagar.no\/2021\/wp-json\/wp\/v2\/media\/3233"}],"wp:attachment":[{"href":"https:\/\/diktardagar.no\/2021\/wp-json\/wp\/v2\/media?parent=3234"}],"wp:term":[{"taxonomy":"category","embeddable":true,"href":"https:\/\/diktardagar.no\/2021\/wp-json\/wp\/v2\/categories?post=3234"},{"taxonomy":"post_tag","embeddable":true,"href":"https:\/\/diktardagar.no\/2021\/wp-json\/wp\/v2\/tags?post=3234"}],"curies":[{"name":"wp","href":"https:\/\/api.w.org\/{rel}","templated":true}]}}