{"id":3091,"date":"2020-12-01T21:38:37","date_gmt":"2020-12-01T20:38:37","guid":{"rendered":"https:\/\/diktardagar.no\/2021\/?p=3091"},"modified":"2020-12-03T20:57:24","modified_gmt":"2020-12-03T19:57:24","slug":"diktardagar-2021-er-i-emning","status":"publish","type":"post","link":"https:\/\/diktardagar.no\/2021\/diktardagar-2021-er-i-emning\/","title":{"rendered":"Diktardagar 2021 er i emning"},"content":{"rendered":"\n<p>Diktardagar 2021 blir arrangert 1000 \u00e5r etter at Olav Digre reiste gjennom Gudbrandsdalen p\u00e5 si kristningsferd. Seinare vart han kjent som Heilag-Olav, og segna og forteljingane om da han vitja dalf\u00f8ret v\u00e5rt er mange. Det er difor naturleg at dette blir eit sentralt tema for festivalen i 2021. <\/p>\n\n\n\n<p>Are Sende Osen kjem til oss for \u00e5 fortelje om dei gamle kristningskongane, det er vi sikre p\u00e5 at kjem til \u00e5 bli eit h\u00f8gdepunkt. Elles kan vi melde om at tre av v\u00e5re fremste forfattarar ogs\u00e5 er venta til Diktardagar i 2021: Olaug Nilssen, Helga Flatland og Ingar Sletten Kolloen. <\/p>\n\n\n\n<p>Fylg med p\u00e5 nettsida og facebook for \u00e5 f\u00e5 oppdateringar om Diktardagar 2021.<\/p>\n\n\n\n<p><\/p>\n","protected":false},"excerpt":{"rendered":"<p>Diktardagar 2021 blir arrangert 1000 \u00e5r etter at Olav Digre reiste gjennom Gudbrandsdalen p\u00e5 si kristningsferd. Seinare vart han kjent som Heilag-Olav, og segna og forteljingane om da han vitja dalf\u00f8ret v\u00e5rt er mange. Det er difor naturleg at dette blir eit sentralt tema for festivalen i 2021. Are Sende Osen kjem til oss for&hellip;<\/p>\n","protected":false},"author":127,"featured_media":3097,"comment_status":"closed","ping_status":"open","sticky":false,"template":"","format":"standard","meta":{"footnotes":""},"categories":[6],"tags":[],"class_list":["post-3091","post","type-post","status-publish","format-standard","has-post-thumbnail","hentry","category-nyheter"],"yoast_head":"<!-- This site is optimized with the Yoast SEO plugin v27.5 - https:\/\/yoast.com\/product\/yoast-seo-wordpress\/ -->\n<title>Diktardagar 2021 er i emning - Diktardagar 2021<\/title>\n<meta name=\"robots\" content=\"index, follow, max-snippet:-1, max-image-preview:large, max-video-preview:-1\" \/>\n<link rel=\"canonical\" href=\"https:\/\/diktardagar.no\/2021\/diktardagar-2021-er-i-emning\/\" class=\"yoast-seo-meta-tag\" \/>\n<meta property=\"og:locale\" content=\"nb_NO\" class=\"yoast-seo-meta-tag\" \/>\n<meta property=\"og:type\" content=\"article\" class=\"yoast-seo-meta-tag\" \/>\n<meta property=\"og:title\" content=\"Diktardagar 2021 er i emning - Diktardagar 2021\" class=\"yoast-seo-meta-tag\" \/>\n<meta property=\"og:description\" content=\"Diktardagar 2021 blir arrangert 1000 \u00e5r etter at Olav Digre reiste gjennom Gudbrandsdalen p\u00e5 si kristningsferd. Seinare vart han kjent som Heilag-Olav, og segna og forteljingane om da han vitja dalf\u00f8ret v\u00e5rt er mange. Det er difor naturleg at dette blir eit sentralt tema for festivalen i 2021. Are Sende Osen kjem til oss for&hellip;\" class=\"yoast-seo-meta-tag\" \/>\n<meta property=\"og:url\" content=\"https:\/\/diktardagar.no\/2021\/diktardagar-2021-er-i-emning\/\" class=\"yoast-seo-meta-tag\" \/>\n<meta property=\"og:site_name\" content=\"Diktardagar 2021\" class=\"yoast-seo-meta-tag\" \/>\n<meta property=\"article:published_time\" content=\"2020-12-01T20:38:37+00:00\" class=\"yoast-seo-meta-tag\" \/>\n<meta property=\"article:modified_time\" content=\"2020-12-03T19:57:24+00:00\" class=\"yoast-seo-meta-tag\" \/>\n<meta property=\"og:image\" content=\"https:\/\/diktardagar.no\/2021\/wp-content\/uploads\/sites\/14\/2020\/12\/2021-forfattarar.jpg\" class=\"yoast-seo-meta-tag\" \/>\n\t<meta property=\"og:image:width\" content=\"656\" class=\"yoast-seo-meta-tag\" \/>\n\t<meta property=\"og:image:height\" content=\"782\" class=\"yoast-seo-meta-tag\" \/>\n\t<meta property=\"og:image:type\" content=\"image\/jpeg\" class=\"yoast-seo-meta-tag\" \/>\n<meta name=\"author\" content=\"Kari Anne Skjaak\" class=\"yoast-seo-meta-tag\" \/>\n<meta name=\"twitter:card\" content=\"summary_large_image\" class=\"yoast-seo-meta-tag\" \/>\n<meta name=\"twitter:label1\" content=\"Skrevet av\" class=\"yoast-seo-meta-tag\" \/>\n\t<meta name=\"twitter:data1\" content=\"Kari Anne Skjaak\" class=\"yoast-seo-meta-tag\" \/>\n\t<meta name=\"twitter:label2\" content=\"Ansl. lesetid\" class=\"yoast-seo-meta-tag\" \/>\n\t<meta name=\"twitter:data2\" content=\"1 minutt\" class=\"yoast-seo-meta-tag\" \/>\n<script type=\"application\/ld+json\" class=\"yoast-schema-graph\">{\"@context\":\"https:\\\/\\\/schema.org\",\"@graph\":[{\"@type\":\"Article\",\"@id\":\"https:\\\/\\\/diktardagar.no\\\/2021\\\/diktardagar-2021-er-i-emning\\\/#article\",\"isPartOf\":{\"@id\":\"https:\\\/\\\/diktardagar.no\\\/2021\\\/diktardagar-2021-er-i-emning\\\/\"},\"author\":{\"name\":\"Kari Anne Skjaak\",\"@id\":\"https:\\\/\\\/diktardagar.no\\\/2021\\\/#\\\/schema\\\/person\\\/9465b0f760a30863ffd0b18eb17445a8\"},\"headline\":\"Diktardagar 2021 er i emning\",\"datePublished\":\"2020-12-01T20:38:37+00:00\",\"dateModified\":\"2020-12-03T19:57:24+00:00\",\"mainEntityOfPage\":{\"@id\":\"https:\\\/\\\/diktardagar.no\\\/2021\\\/diktardagar-2021-er-i-emning\\\/\"},\"wordCount\":112,\"image\":{\"@id\":\"https:\\\/\\\/diktardagar.no\\\/2021\\\/diktardagar-2021-er-i-emning\\\/#primaryimage\"},\"thumbnailUrl\":\"https:\\\/\\\/diktardagar.no\\\/2021\\\/wp-content\\\/uploads\\\/sites\\\/14\\\/2020\\\/12\\\/2021-forfattarar.jpg\",\"articleSection\":[\"Nyheter\"],\"inLanguage\":\"nb-NO\"},{\"@type\":\"WebPage\",\"@id\":\"https:\\\/\\\/diktardagar.no\\\/2021\\\/diktardagar-2021-er-i-emning\\\/\",\"url\":\"https:\\\/\\\/diktardagar.no\\\/2021\\\/diktardagar-2021-er-i-emning\\\/\",\"name\":\"Diktardagar 2021 er i emning - Diktardagar 2021\",\"isPartOf\":{\"@id\":\"https:\\\/\\\/diktardagar.no\\\/2021\\\/#website\"},\"primaryImageOfPage\":{\"@id\":\"https:\\\/\\\/diktardagar.no\\\/2021\\\/diktardagar-2021-er-i-emning\\\/#primaryimage\"},\"image\":{\"@id\":\"https:\\\/\\\/diktardagar.no\\\/2021\\\/diktardagar-2021-er-i-emning\\\/#primaryimage\"},\"thumbnailUrl\":\"https:\\\/\\\/diktardagar.no\\\/2021\\\/wp-content\\\/uploads\\\/sites\\\/14\\\/2020\\\/12\\\/2021-forfattarar.jpg\",\"datePublished\":\"2020-12-01T20:38:37+00:00\",\"dateModified\":\"2020-12-03T19:57:24+00:00\",\"author\":{\"@id\":\"https:\\\/\\\/diktardagar.no\\\/2021\\\/#\\\/schema\\\/person\\\/9465b0f760a30863ffd0b18eb17445a8\"},\"breadcrumb\":{\"@id\":\"https:\\\/\\\/diktardagar.no\\\/2021\\\/diktardagar-2021-er-i-emning\\\/#breadcrumb\"},\"inLanguage\":\"nb-NO\",\"potentialAction\":[{\"@type\":\"ReadAction\",\"target\":[\"https:\\\/\\\/diktardagar.no\\\/2021\\\/diktardagar-2021-er-i-emning\\\/\"]}]},{\"@type\":\"ImageObject\",\"inLanguage\":\"nb-NO\",\"@id\":\"https:\\\/\\\/diktardagar.no\\\/2021\\\/diktardagar-2021-er-i-emning\\\/#primaryimage\",\"url\":\"https:\\\/\\\/diktardagar.no\\\/2021\\\/wp-content\\\/uploads\\\/sites\\\/14\\\/2020\\\/12\\\/2021-forfattarar.jpg\",\"contentUrl\":\"https:\\\/\\\/diktardagar.no\\\/2021\\\/wp-content\\\/uploads\\\/sites\\\/14\\\/2020\\\/12\\\/2021-forfattarar.jpg\",\"width\":656,\"height\":782},{\"@type\":\"BreadcrumbList\",\"@id\":\"https:\\\/\\\/diktardagar.no\\\/2021\\\/diktardagar-2021-er-i-emning\\\/#breadcrumb\",\"itemListElement\":[{\"@type\":\"ListItem\",\"position\":1,\"name\":\"Hjem\",\"item\":\"https:\\\/\\\/diktardagar.no\\\/2021\\\/\"},{\"@type\":\"ListItem\",\"position\":2,\"name\":\"Diktardagar 2021 er i emning\"}]},{\"@type\":\"WebSite\",\"@id\":\"https:\\\/\\\/diktardagar.no\\\/2021\\\/#website\",\"url\":\"https:\\\/\\\/diktardagar.no\\\/2021\\\/\",\"name\":\"Diktardagar 2021\",\"description\":\"\",\"potentialAction\":[{\"@type\":\"SearchAction\",\"target\":{\"@type\":\"EntryPoint\",\"urlTemplate\":\"https:\\\/\\\/diktardagar.no\\\/2021\\\/?s={search_term_string}\"},\"query-input\":{\"@type\":\"PropertyValueSpecification\",\"valueRequired\":true,\"valueName\":\"search_term_string\"}}],\"inLanguage\":\"nb-NO\"},{\"@type\":\"Person\",\"@id\":\"https:\\\/\\\/diktardagar.no\\\/2021\\\/#\\\/schema\\\/person\\\/9465b0f760a30863ffd0b18eb17445a8\",\"name\":\"Kari Anne Skjaak\",\"image\":{\"@type\":\"ImageObject\",\"inLanguage\":\"nb-NO\",\"@id\":\"https:\\\/\\\/secure.gravatar.com\\\/avatar\\\/45fce48bf9efe40deebed87264dce4638299cc0e9f035507924b9b8a115a02eb?s=96&d=mm&r=g\",\"url\":\"https:\\\/\\\/secure.gravatar.com\\\/avatar\\\/45fce48bf9efe40deebed87264dce4638299cc0e9f035507924b9b8a115a02eb?s=96&d=mm&r=g\",\"contentUrl\":\"https:\\\/\\\/secure.gravatar.com\\\/avatar\\\/45fce48bf9efe40deebed87264dce4638299cc0e9f035507924b9b8a115a02eb?s=96&d=mm&r=g\",\"caption\":\"Kari Anne Skjaak\"},\"url\":\"https:\\\/\\\/diktardagar.no\\\/2021\\\/author\\\/kaskjaak\\\/\"}]}<\/script>\n<!-- \/ Yoast SEO plugin. -->","yoast_head_json":{"title":"Diktardagar 2021 er i emning - Diktardagar 2021","robots":{"index":"index","follow":"follow","max-snippet":"max-snippet:-1","max-image-preview":"max-image-preview:large","max-video-preview":"max-video-preview:-1"},"canonical":"https:\/\/diktardagar.no\/2021\/diktardagar-2021-er-i-emning\/","og_locale":"nb_NO","og_type":"article","og_title":"Diktardagar 2021 er i emning - Diktardagar 2021","og_description":"Diktardagar 2021 blir arrangert 1000 \u00e5r etter at Olav Digre reiste gjennom Gudbrandsdalen p\u00e5 si kristningsferd. Seinare vart han kjent som Heilag-Olav, og segna og forteljingane om da han vitja dalf\u00f8ret v\u00e5rt er mange. Det er difor naturleg at dette blir eit sentralt tema for festivalen i 2021. Are Sende Osen kjem til oss for&hellip;","og_url":"https:\/\/diktardagar.no\/2021\/diktardagar-2021-er-i-emning\/","og_site_name":"Diktardagar 2021","article_published_time":"2020-12-01T20:38:37+00:00","article_modified_time":"2020-12-03T19:57:24+00:00","og_image":[{"width":656,"height":782,"url":"https:\/\/diktardagar.no\/2021\/wp-content\/uploads\/sites\/14\/2020\/12\/2021-forfattarar.jpg","type":"image\/jpeg"}],"author":"Kari Anne Skjaak","twitter_card":"summary_large_image","twitter_misc":{"Skrevet av":"Kari Anne Skjaak","Ansl. lesetid":"1 minutt"},"schema":{"@context":"https:\/\/schema.org","@graph":[{"@type":"Article","@id":"https:\/\/diktardagar.no\/2021\/diktardagar-2021-er-i-emning\/#article","isPartOf":{"@id":"https:\/\/diktardagar.no\/2021\/diktardagar-2021-er-i-emning\/"},"author":{"name":"Kari Anne Skjaak","@id":"https:\/\/diktardagar.no\/2021\/#\/schema\/person\/9465b0f760a30863ffd0b18eb17445a8"},"headline":"Diktardagar 2021 er i emning","datePublished":"2020-12-01T20:38:37+00:00","dateModified":"2020-12-03T19:57:24+00:00","mainEntityOfPage":{"@id":"https:\/\/diktardagar.no\/2021\/diktardagar-2021-er-i-emning\/"},"wordCount":112,"image":{"@id":"https:\/\/diktardagar.no\/2021\/diktardagar-2021-er-i-emning\/#primaryimage"},"thumbnailUrl":"https:\/\/diktardagar.no\/2021\/wp-content\/uploads\/sites\/14\/2020\/12\/2021-forfattarar.jpg","articleSection":["Nyheter"],"inLanguage":"nb-NO"},{"@type":"WebPage","@id":"https:\/\/diktardagar.no\/2021\/diktardagar-2021-er-i-emning\/","url":"https:\/\/diktardagar.no\/2021\/diktardagar-2021-er-i-emning\/","name":"Diktardagar 2021 er i emning - Diktardagar 2021","isPartOf":{"@id":"https:\/\/diktardagar.no\/2021\/#website"},"primaryImageOfPage":{"@id":"https:\/\/diktardagar.no\/2021\/diktardagar-2021-er-i-emning\/#primaryimage"},"image":{"@id":"https:\/\/diktardagar.no\/2021\/diktardagar-2021-er-i-emning\/#primaryimage"},"thumbnailUrl":"https:\/\/diktardagar.no\/2021\/wp-content\/uploads\/sites\/14\/2020\/12\/2021-forfattarar.jpg","datePublished":"2020-12-01T20:38:37+00:00","dateModified":"2020-12-03T19:57:24+00:00","author":{"@id":"https:\/\/diktardagar.no\/2021\/#\/schema\/person\/9465b0f760a30863ffd0b18eb17445a8"},"breadcrumb":{"@id":"https:\/\/diktardagar.no\/2021\/diktardagar-2021-er-i-emning\/#breadcrumb"},"inLanguage":"nb-NO","potentialAction":[{"@type":"ReadAction","target":["https:\/\/diktardagar.no\/2021\/diktardagar-2021-er-i-emning\/"]}]},{"@type":"ImageObject","inLanguage":"nb-NO","@id":"https:\/\/diktardagar.no\/2021\/diktardagar-2021-er-i-emning\/#primaryimage","url":"https:\/\/diktardagar.no\/2021\/wp-content\/uploads\/sites\/14\/2020\/12\/2021-forfattarar.jpg","contentUrl":"https:\/\/diktardagar.no\/2021\/wp-content\/uploads\/sites\/14\/2020\/12\/2021-forfattarar.jpg","width":656,"height":782},{"@type":"BreadcrumbList","@id":"https:\/\/diktardagar.no\/2021\/diktardagar-2021-er-i-emning\/#breadcrumb","itemListElement":[{"@type":"ListItem","position":1,"name":"Hjem","item":"https:\/\/diktardagar.no\/2021\/"},{"@type":"ListItem","position":2,"name":"Diktardagar 2021 er i emning"}]},{"@type":"WebSite","@id":"https:\/\/diktardagar.no\/2021\/#website","url":"https:\/\/diktardagar.no\/2021\/","name":"Diktardagar 2021","description":"","potentialAction":[{"@type":"SearchAction","target":{"@type":"EntryPoint","urlTemplate":"https:\/\/diktardagar.no\/2021\/?s={search_term_string}"},"query-input":{"@type":"PropertyValueSpecification","valueRequired":true,"valueName":"search_term_string"}}],"inLanguage":"nb-NO"},{"@type":"Person","@id":"https:\/\/diktardagar.no\/2021\/#\/schema\/person\/9465b0f760a30863ffd0b18eb17445a8","name":"Kari Anne Skjaak","image":{"@type":"ImageObject","inLanguage":"nb-NO","@id":"https:\/\/secure.gravatar.com\/avatar\/45fce48bf9efe40deebed87264dce4638299cc0e9f035507924b9b8a115a02eb?s=96&d=mm&r=g","url":"https:\/\/secure.gravatar.com\/avatar\/45fce48bf9efe40deebed87264dce4638299cc0e9f035507924b9b8a115a02eb?s=96&d=mm&r=g","contentUrl":"https:\/\/secure.gravatar.com\/avatar\/45fce48bf9efe40deebed87264dce4638299cc0e9f035507924b9b8a115a02eb?s=96&d=mm&r=g","caption":"Kari Anne Skjaak"},"url":"https:\/\/diktardagar.no\/2021\/author\/kaskjaak\/"}]}},"_links":{"self":[{"href":"https:\/\/diktardagar.no\/2021\/wp-json\/wp\/v2\/posts\/3091","targetHints":{"allow":["GET"]}}],"collection":[{"href":"https:\/\/diktardagar.no\/2021\/wp-json\/wp\/v2\/posts"}],"about":[{"href":"https:\/\/diktardagar.no\/2021\/wp-json\/wp\/v2\/types\/post"}],"author":[{"embeddable":true,"href":"https:\/\/diktardagar.no\/2021\/wp-json\/wp\/v2\/users\/127"}],"replies":[{"embeddable":true,"href":"https:\/\/diktardagar.no\/2021\/wp-json\/wp\/v2\/comments?post=3091"}],"version-history":[{"count":2,"href":"https:\/\/diktardagar.no\/2021\/wp-json\/wp\/v2\/posts\/3091\/revisions"}],"predecessor-version":[{"id":3095,"href":"https:\/\/diktardagar.no\/2021\/wp-json\/wp\/v2\/posts\/3091\/revisions\/3095"}],"wp:featuredmedia":[{"embeddable":true,"href":"https:\/\/diktardagar.no\/2021\/wp-json\/wp\/v2\/media\/3097"}],"wp:attachment":[{"href":"https:\/\/diktardagar.no\/2021\/wp-json\/wp\/v2\/media?parent=3091"}],"wp:term":[{"taxonomy":"category","embeddable":true,"href":"https:\/\/diktardagar.no\/2021\/wp-json\/wp\/v2\/categories?post=3091"},{"taxonomy":"post_tag","embeddable":true,"href":"https:\/\/diktardagar.no\/2021\/wp-json\/wp\/v2\/tags?post=3091"}],"curies":[{"name":"wp","href":"https:\/\/api.w.org\/{rel}","templated":true}]}}