{"id":3057,"date":"2020-09-01T16:09:48","date_gmt":"2020-09-01T14:09:48","guid":{"rendered":"https:\/\/diktardagar.no\/2020\/?p=3057"},"modified":"2020-09-01T16:19:39","modified_gmt":"2020-09-01T14:19:39","slug":"ein-smakebit-fra-markens-grode-pa-skultbakken","status":"publish","type":"post","link":"https:\/\/diktardagar.no\/2020\/ein-smakebit-fra-markens-grode-pa-skultbakken\/","title":{"rendered":"Ein smakebit fr\u00e5 Markens Gr\u00f8de p\u00e5 Skultbakken"},"content":{"rendered":"\n<p>Her kjem det ein smakebit p\u00e5 kva vi kan vente oss p\u00e5 Skultbakken sundag 6. september. Skaff deg billettar f\u00f8r dei flyg bort! Dei kan kj\u00f8past p\u00e5 diktardagar.no<\/p>\n\n\n\n<figure class=\"wp-block-embed-youtube aligncenter wp-block-embed is-type-video is-provider-youtube wp-embed-aspect-4-3 wp-has-aspect-ratio\"><div class=\"wp-block-embed__wrapper\">\n<iframe loading=\"lazy\" title=\"Markens Gr\u00f8de p\u00e5 Skultbakken\" width=\"500\" height=\"375\" src=\"https:\/\/www.youtube.com\/embed\/BDhxEIWZm7U?feature=oembed\" frameborder=\"0\" allow=\"accelerometer; autoplay; clipboard-write; encrypted-media; gyroscope; picture-in-picture; web-share\" referrerpolicy=\"strict-origin-when-cross-origin\" allowfullscreen><\/iframe>\n<\/div><\/figure>\n","protected":false},"excerpt":{"rendered":"<p>Her kjem det ein smakebit p\u00e5 kva vi kan vente oss p\u00e5 Skultbakken sundag 6. september. Skaff deg billettar f\u00f8r dei flyg bort! Dei kan kj\u00f8past p\u00e5 diktardagar.no<\/p>\n","protected":false},"author":1,"featured_media":0,"comment_status":"closed","ping_status":"open","sticky":false,"template":"","format":"standard","meta":{"footnotes":""},"categories":[39],"tags":[],"class_list":["post-3057","post","type-post","status-publish","format-standard","hentry","category-nyheter-2020"],"yoast_head":"<!-- This site is optimized with the Yoast SEO plugin v27.5 - https:\/\/yoast.com\/product\/yoast-seo-wordpress\/ -->\n<title>Ein smakebit fr\u00e5 Markens Gr\u00f8de p\u00e5 Skultbakken - Diktardagar 2020<\/title>\n<meta name=\"robots\" content=\"index, follow, max-snippet:-1, max-image-preview:large, max-video-preview:-1\" \/>\n<link rel=\"canonical\" href=\"https:\/\/diktardagar.no\/2020\/ein-smakebit-fra-markens-grode-pa-skultbakken\/\" class=\"yoast-seo-meta-tag\" \/>\n<meta property=\"og:locale\" content=\"nb_NO\" class=\"yoast-seo-meta-tag\" \/>\n<meta property=\"og:type\" content=\"article\" class=\"yoast-seo-meta-tag\" \/>\n<meta property=\"og:title\" content=\"Ein smakebit fr\u00e5 Markens Gr\u00f8de p\u00e5 Skultbakken - Diktardagar 2020\" class=\"yoast-seo-meta-tag\" \/>\n<meta property=\"og:description\" content=\"Her kjem det ein smakebit p\u00e5 kva vi kan vente oss p\u00e5 Skultbakken sundag 6. september. Skaff deg billettar f\u00f8r dei flyg bort! Dei kan kj\u00f8past p\u00e5 diktardagar.no\" class=\"yoast-seo-meta-tag\" \/>\n<meta property=\"og:url\" content=\"https:\/\/diktardagar.no\/2020\/ein-smakebit-fra-markens-grode-pa-skultbakken\/\" class=\"yoast-seo-meta-tag\" \/>\n<meta property=\"og:site_name\" content=\"Diktardagar 2020\" class=\"yoast-seo-meta-tag\" \/>\n<meta property=\"article:author\" content=\"http:\/\/facebook.com\/dalom.no\" class=\"yoast-seo-meta-tag\" \/>\n<meta property=\"article:published_time\" content=\"2020-09-01T14:09:48+00:00\" class=\"yoast-seo-meta-tag\" \/>\n<meta property=\"article:modified_time\" content=\"2020-09-01T14:19:39+00:00\" class=\"yoast-seo-meta-tag\" \/>\n<meta name=\"author\" content=\"dalom\" class=\"yoast-seo-meta-tag\" \/>\n<meta name=\"twitter:card\" content=\"summary_large_image\" class=\"yoast-seo-meta-tag\" \/>\n<meta name=\"twitter:label1\" content=\"Skrevet av\" class=\"yoast-seo-meta-tag\" \/>\n\t<meta name=\"twitter:data1\" content=\"dalom\" class=\"yoast-seo-meta-tag\" \/>\n<script type=\"application\/ld+json\" class=\"yoast-schema-graph\">{\"@context\":\"https:\\\/\\\/schema.org\",\"@graph\":[{\"@type\":\"Article\",\"@id\":\"https:\\\/\\\/diktardagar.no\\\/2020\\\/ein-smakebit-fra-markens-grode-pa-skultbakken\\\/#article\",\"isPartOf\":{\"@id\":\"https:\\\/\\\/diktardagar.no\\\/2020\\\/ein-smakebit-fra-markens-grode-pa-skultbakken\\\/\"},\"author\":{\"name\":\"dalom\",\"@id\":\"https:\\\/\\\/diktardagar.no\\\/2020\\\/#\\\/schema\\\/person\\\/903e9c0ebc7b2ca269cf0f3ce558c783\"},\"headline\":\"Ein smakebit fr\u00e5 Markens Gr\u00f8de p\u00e5 Skultbakken\",\"datePublished\":\"2020-09-01T14:09:48+00:00\",\"dateModified\":\"2020-09-01T14:19:39+00:00\",\"mainEntityOfPage\":{\"@id\":\"https:\\\/\\\/diktardagar.no\\\/2020\\\/ein-smakebit-fra-markens-grode-pa-skultbakken\\\/\"},\"wordCount\":43,\"articleSection\":[\"Nyheter 2020\"],\"inLanguage\":\"nb-NO\"},{\"@type\":\"WebPage\",\"@id\":\"https:\\\/\\\/diktardagar.no\\\/2020\\\/ein-smakebit-fra-markens-grode-pa-skultbakken\\\/\",\"url\":\"https:\\\/\\\/diktardagar.no\\\/2020\\\/ein-smakebit-fra-markens-grode-pa-skultbakken\\\/\",\"name\":\"Ein smakebit fr\u00e5 Markens Gr\u00f8de p\u00e5 Skultbakken - Diktardagar 2020\",\"isPartOf\":{\"@id\":\"https:\\\/\\\/diktardagar.no\\\/2020\\\/#website\"},\"datePublished\":\"2020-09-01T14:09:48+00:00\",\"dateModified\":\"2020-09-01T14:19:39+00:00\",\"author\":{\"@id\":\"https:\\\/\\\/diktardagar.no\\\/2020\\\/#\\\/schema\\\/person\\\/903e9c0ebc7b2ca269cf0f3ce558c783\"},\"breadcrumb\":{\"@id\":\"https:\\\/\\\/diktardagar.no\\\/2020\\\/ein-smakebit-fra-markens-grode-pa-skultbakken\\\/#breadcrumb\"},\"inLanguage\":\"nb-NO\",\"potentialAction\":[{\"@type\":\"ReadAction\",\"target\":[\"https:\\\/\\\/diktardagar.no\\\/2020\\\/ein-smakebit-fra-markens-grode-pa-skultbakken\\\/\"]}]},{\"@type\":\"BreadcrumbList\",\"@id\":\"https:\\\/\\\/diktardagar.no\\\/2020\\\/ein-smakebit-fra-markens-grode-pa-skultbakken\\\/#breadcrumb\",\"itemListElement\":[{\"@type\":\"ListItem\",\"position\":1,\"name\":\"Hjem\",\"item\":\"https:\\\/\\\/diktardagar.no\\\/2020\\\/\"},{\"@type\":\"ListItem\",\"position\":2,\"name\":\"Ein smakebit fr\u00e5 Markens Gr\u00f8de p\u00e5 Skultbakken\"}]},{\"@type\":\"WebSite\",\"@id\":\"https:\\\/\\\/diktardagar.no\\\/2020\\\/#website\",\"url\":\"https:\\\/\\\/diktardagar.no\\\/2020\\\/\",\"name\":\"Diktardagar 2020\",\"description\":\"\",\"potentialAction\":[{\"@type\":\"SearchAction\",\"target\":{\"@type\":\"EntryPoint\",\"urlTemplate\":\"https:\\\/\\\/diktardagar.no\\\/2020\\\/?s={search_term_string}\"},\"query-input\":{\"@type\":\"PropertyValueSpecification\",\"valueRequired\":true,\"valueName\":\"search_term_string\"}}],\"inLanguage\":\"nb-NO\"},{\"@type\":\"Person\",\"@id\":\"https:\\\/\\\/diktardagar.no\\\/2020\\\/#\\\/schema\\\/person\\\/903e9c0ebc7b2ca269cf0f3ce558c783\",\"name\":\"dalom\",\"image\":{\"@type\":\"ImageObject\",\"inLanguage\":\"nb-NO\",\"@id\":\"https:\\\/\\\/secure.gravatar.com\\\/avatar\\\/eace8a287a1eae01ca120344a6138d0b3fc5ac7bd6e7981118272f162d095e4c?s=96&d=mm&r=g\",\"url\":\"https:\\\/\\\/secure.gravatar.com\\\/avatar\\\/eace8a287a1eae01ca120344a6138d0b3fc5ac7bd6e7981118272f162d095e4c?s=96&d=mm&r=g\",\"contentUrl\":\"https:\\\/\\\/secure.gravatar.com\\\/avatar\\\/eace8a287a1eae01ca120344a6138d0b3fc5ac7bd6e7981118272f162d095e4c?s=96&d=mm&r=g\",\"caption\":\"dalom\"},\"sameAs\":[\"http:\\\/\\\/dalom.no\",\"http:\\\/\\\/facebook.com\\\/dalom.no\"],\"url\":\"https:\\\/\\\/diktardagar.no\\\/2020\\\/author\\\/dalom\\\/\"}]}<\/script>\n<!-- \/ Yoast SEO plugin. -->","yoast_head_json":{"title":"Ein smakebit fr\u00e5 Markens Gr\u00f8de p\u00e5 Skultbakken - Diktardagar 2020","robots":{"index":"index","follow":"follow","max-snippet":"max-snippet:-1","max-image-preview":"max-image-preview:large","max-video-preview":"max-video-preview:-1"},"canonical":"https:\/\/diktardagar.no\/2020\/ein-smakebit-fra-markens-grode-pa-skultbakken\/","og_locale":"nb_NO","og_type":"article","og_title":"Ein smakebit fr\u00e5 Markens Gr\u00f8de p\u00e5 Skultbakken - Diktardagar 2020","og_description":"Her kjem det ein smakebit p\u00e5 kva vi kan vente oss p\u00e5 Skultbakken sundag 6. september. Skaff deg billettar f\u00f8r dei flyg bort! Dei kan kj\u00f8past p\u00e5 diktardagar.no","og_url":"https:\/\/diktardagar.no\/2020\/ein-smakebit-fra-markens-grode-pa-skultbakken\/","og_site_name":"Diktardagar 2020","article_author":"http:\/\/facebook.com\/dalom.no","article_published_time":"2020-09-01T14:09:48+00:00","article_modified_time":"2020-09-01T14:19:39+00:00","author":"dalom","twitter_card":"summary_large_image","twitter_misc":{"Skrevet av":"dalom"},"schema":{"@context":"https:\/\/schema.org","@graph":[{"@type":"Article","@id":"https:\/\/diktardagar.no\/2020\/ein-smakebit-fra-markens-grode-pa-skultbakken\/#article","isPartOf":{"@id":"https:\/\/diktardagar.no\/2020\/ein-smakebit-fra-markens-grode-pa-skultbakken\/"},"author":{"name":"dalom","@id":"https:\/\/diktardagar.no\/2020\/#\/schema\/person\/903e9c0ebc7b2ca269cf0f3ce558c783"},"headline":"Ein smakebit fr\u00e5 Markens Gr\u00f8de p\u00e5 Skultbakken","datePublished":"2020-09-01T14:09:48+00:00","dateModified":"2020-09-01T14:19:39+00:00","mainEntityOfPage":{"@id":"https:\/\/diktardagar.no\/2020\/ein-smakebit-fra-markens-grode-pa-skultbakken\/"},"wordCount":43,"articleSection":["Nyheter 2020"],"inLanguage":"nb-NO"},{"@type":"WebPage","@id":"https:\/\/diktardagar.no\/2020\/ein-smakebit-fra-markens-grode-pa-skultbakken\/","url":"https:\/\/diktardagar.no\/2020\/ein-smakebit-fra-markens-grode-pa-skultbakken\/","name":"Ein smakebit fr\u00e5 Markens Gr\u00f8de p\u00e5 Skultbakken - Diktardagar 2020","isPartOf":{"@id":"https:\/\/diktardagar.no\/2020\/#website"},"datePublished":"2020-09-01T14:09:48+00:00","dateModified":"2020-09-01T14:19:39+00:00","author":{"@id":"https:\/\/diktardagar.no\/2020\/#\/schema\/person\/903e9c0ebc7b2ca269cf0f3ce558c783"},"breadcrumb":{"@id":"https:\/\/diktardagar.no\/2020\/ein-smakebit-fra-markens-grode-pa-skultbakken\/#breadcrumb"},"inLanguage":"nb-NO","potentialAction":[{"@type":"ReadAction","target":["https:\/\/diktardagar.no\/2020\/ein-smakebit-fra-markens-grode-pa-skultbakken\/"]}]},{"@type":"BreadcrumbList","@id":"https:\/\/diktardagar.no\/2020\/ein-smakebit-fra-markens-grode-pa-skultbakken\/#breadcrumb","itemListElement":[{"@type":"ListItem","position":1,"name":"Hjem","item":"https:\/\/diktardagar.no\/2020\/"},{"@type":"ListItem","position":2,"name":"Ein smakebit fr\u00e5 Markens Gr\u00f8de p\u00e5 Skultbakken"}]},{"@type":"WebSite","@id":"https:\/\/diktardagar.no\/2020\/#website","url":"https:\/\/diktardagar.no\/2020\/","name":"Diktardagar 2020","description":"","potentialAction":[{"@type":"SearchAction","target":{"@type":"EntryPoint","urlTemplate":"https:\/\/diktardagar.no\/2020\/?s={search_term_string}"},"query-input":{"@type":"PropertyValueSpecification","valueRequired":true,"valueName":"search_term_string"}}],"inLanguage":"nb-NO"},{"@type":"Person","@id":"https:\/\/diktardagar.no\/2020\/#\/schema\/person\/903e9c0ebc7b2ca269cf0f3ce558c783","name":"dalom","image":{"@type":"ImageObject","inLanguage":"nb-NO","@id":"https:\/\/secure.gravatar.com\/avatar\/eace8a287a1eae01ca120344a6138d0b3fc5ac7bd6e7981118272f162d095e4c?s=96&d=mm&r=g","url":"https:\/\/secure.gravatar.com\/avatar\/eace8a287a1eae01ca120344a6138d0b3fc5ac7bd6e7981118272f162d095e4c?s=96&d=mm&r=g","contentUrl":"https:\/\/secure.gravatar.com\/avatar\/eace8a287a1eae01ca120344a6138d0b3fc5ac7bd6e7981118272f162d095e4c?s=96&d=mm&r=g","caption":"dalom"},"sameAs":["http:\/\/dalom.no","http:\/\/facebook.com\/dalom.no"],"url":"https:\/\/diktardagar.no\/2020\/author\/dalom\/"}]}},"_links":{"self":[{"href":"https:\/\/diktardagar.no\/2020\/wp-json\/wp\/v2\/posts\/3057","targetHints":{"allow":["GET"]}}],"collection":[{"href":"https:\/\/diktardagar.no\/2020\/wp-json\/wp\/v2\/posts"}],"about":[{"href":"https:\/\/diktardagar.no\/2020\/wp-json\/wp\/v2\/types\/post"}],"author":[{"embeddable":true,"href":"https:\/\/diktardagar.no\/2020\/wp-json\/wp\/v2\/users\/1"}],"replies":[{"embeddable":true,"href":"https:\/\/diktardagar.no\/2020\/wp-json\/wp\/v2\/comments?post=3057"}],"version-history":[{"count":7,"href":"https:\/\/diktardagar.no\/2020\/wp-json\/wp\/v2\/posts\/3057\/revisions"}],"predecessor-version":[{"id":3067,"href":"https:\/\/diktardagar.no\/2020\/wp-json\/wp\/v2\/posts\/3057\/revisions\/3067"}],"wp:attachment":[{"href":"https:\/\/diktardagar.no\/2020\/wp-json\/wp\/v2\/media?parent=3057"}],"wp:term":[{"taxonomy":"category","embeddable":true,"href":"https:\/\/diktardagar.no\/2020\/wp-json\/wp\/v2\/categories?post=3057"},{"taxonomy":"post_tag","embeddable":true,"href":"https:\/\/diktardagar.no\/2020\/wp-json\/wp\/v2\/tags?post=3057"}],"curies":[{"name":"wp","href":"https:\/\/api.w.org\/{rel}","templated":true}]}}