{"id":3043,"date":"2020-08-26T21:05:31","date_gmt":"2020-08-26T19:05:31","guid":{"rendered":"https:\/\/diktardagar.no\/2020\/?p=3043"},"modified":"2020-08-26T21:05:32","modified_gmt":"2020-08-26T19:05:32","slug":"markens-grode-pa-skultbakken","status":"publish","type":"post","link":"https:\/\/diktardagar.no\/2020\/markens-grode-pa-skultbakken\/","title":{"rendered":"Markens Gr\u00f8de p\u00e5 Skultbakken"},"content":{"rendered":"\n<p>I \u00e5r er det 100 \u00e5r sidan Nobelprisen i litteratur gjekk til Knut Hamsun for romanen \u00abMarkens gr\u00f8de\u00bb. Under Diktardagar 2020 framf\u00f8rer Endre Skj\u00e5k og P\u00e5l Svindland ei musikalsk monologframf\u00f8ring av verket p\u00e5 Skultbakken i V\u00e5g\u00e5 der farslekta til Knut Hamsun kom fr\u00e5, sundag 6. september kl. 13.00.<\/p>\n","protected":false},"excerpt":{"rendered":"<p>I \u00e5r er det 100 \u00e5r sidan Nobelprisen i litteratur gjekk til Knut Hamsun for romanen \u00abMarkens gr\u00f8de\u00bb. Under Diktardagar 2020 framf\u00f8rer Endre Skj\u00e5k og P\u00e5l Svindland ei musikalsk monologframf\u00f8ring av verket p\u00e5 Skultbakken i V\u00e5g\u00e5 der farslekta til Knut Hamsun kom fr\u00e5, sundag 6. september kl. 13.00.<\/p>\n","protected":false},"author":127,"featured_media":3044,"comment_status":"closed","ping_status":"open","sticky":false,"template":"","format":"standard","meta":{"footnotes":""},"categories":[39],"tags":[],"class_list":["post-3043","post","type-post","status-publish","format-standard","has-post-thumbnail","hentry","category-nyheter-2020"],"yoast_head":"<!-- This site is optimized with the Yoast SEO plugin v27.5 - https:\/\/yoast.com\/product\/yoast-seo-wordpress\/ -->\n<title>Markens Gr\u00f8de p\u00e5 Skultbakken - Diktardagar 2020<\/title>\n<meta name=\"robots\" content=\"index, follow, max-snippet:-1, max-image-preview:large, max-video-preview:-1\" \/>\n<link rel=\"canonical\" href=\"https:\/\/diktardagar.no\/2020\/markens-grode-pa-skultbakken\/\" class=\"yoast-seo-meta-tag\" \/>\n<meta property=\"og:locale\" content=\"nb_NO\" class=\"yoast-seo-meta-tag\" \/>\n<meta property=\"og:type\" content=\"article\" class=\"yoast-seo-meta-tag\" \/>\n<meta property=\"og:title\" content=\"Markens Gr\u00f8de p\u00e5 Skultbakken - Diktardagar 2020\" class=\"yoast-seo-meta-tag\" \/>\n<meta property=\"og:description\" content=\"I \u00e5r er det 100 \u00e5r sidan Nobelprisen i litteratur gjekk til Knut Hamsun for romanen \u00abMarkens gr\u00f8de\u00bb. Under Diktardagar 2020 framf\u00f8rer Endre Skj\u00e5k og P\u00e5l Svindland ei musikalsk monologframf\u00f8ring av verket p\u00e5 Skultbakken i V\u00e5g\u00e5 der farslekta til Knut Hamsun kom fr\u00e5, sundag 6. september kl. 13.00.\" class=\"yoast-seo-meta-tag\" \/>\n<meta property=\"og:url\" content=\"https:\/\/diktardagar.no\/2020\/markens-grode-pa-skultbakken\/\" class=\"yoast-seo-meta-tag\" \/>\n<meta property=\"og:site_name\" content=\"Diktardagar 2020\" class=\"yoast-seo-meta-tag\" \/>\n<meta property=\"article:published_time\" content=\"2020-08-26T19:05:31+00:00\" class=\"yoast-seo-meta-tag\" \/>\n<meta property=\"article:modified_time\" content=\"2020-08-26T19:05:32+00:00\" class=\"yoast-seo-meta-tag\" \/>\n<meta property=\"og:image\" content=\"https:\/\/diktardagar.no\/2020\/wp-content\/uploads\/sites\/4\/2020\/08\/Endre.png\" class=\"yoast-seo-meta-tag\" \/>\n\t<meta property=\"og:image:width\" content=\"928\" class=\"yoast-seo-meta-tag\" \/>\n\t<meta property=\"og:image:height\" content=\"688\" class=\"yoast-seo-meta-tag\" \/>\n\t<meta property=\"og:image:type\" content=\"image\/png\" class=\"yoast-seo-meta-tag\" \/>\n<meta name=\"author\" content=\"Kari Anne Skjaak\" class=\"yoast-seo-meta-tag\" \/>\n<meta name=\"twitter:card\" content=\"summary_large_image\" class=\"yoast-seo-meta-tag\" \/>\n<meta name=\"twitter:label1\" content=\"Skrevet av\" class=\"yoast-seo-meta-tag\" \/>\n\t<meta name=\"twitter:data1\" content=\"Kari Anne Skjaak\" class=\"yoast-seo-meta-tag\" \/>\n<script type=\"application\/ld+json\" class=\"yoast-schema-graph\">{\"@context\":\"https:\\\/\\\/schema.org\",\"@graph\":[{\"@type\":\"Article\",\"@id\":\"https:\\\/\\\/diktardagar.no\\\/2020\\\/markens-grode-pa-skultbakken\\\/#article\",\"isPartOf\":{\"@id\":\"https:\\\/\\\/diktardagar.no\\\/2020\\\/markens-grode-pa-skultbakken\\\/\"},\"author\":{\"name\":\"Kari Anne Skjaak\",\"@id\":\"https:\\\/\\\/diktardagar.no\\\/2020\\\/#\\\/schema\\\/person\\\/9465b0f760a30863ffd0b18eb17445a8\"},\"headline\":\"Markens Gr\u00f8de p\u00e5 Skultbakken\",\"datePublished\":\"2020-08-26T19:05:31+00:00\",\"dateModified\":\"2020-08-26T19:05:32+00:00\",\"mainEntityOfPage\":{\"@id\":\"https:\\\/\\\/diktardagar.no\\\/2020\\\/markens-grode-pa-skultbakken\\\/\"},\"wordCount\":55,\"image\":{\"@id\":\"https:\\\/\\\/diktardagar.no\\\/2020\\\/markens-grode-pa-skultbakken\\\/#primaryimage\"},\"thumbnailUrl\":\"https:\\\/\\\/diktardagar.no\\\/2020\\\/wp-content\\\/uploads\\\/sites\\\/4\\\/2020\\\/08\\\/Endre.png\",\"articleSection\":[\"Nyheter 2020\"],\"inLanguage\":\"nb-NO\"},{\"@type\":\"WebPage\",\"@id\":\"https:\\\/\\\/diktardagar.no\\\/2020\\\/markens-grode-pa-skultbakken\\\/\",\"url\":\"https:\\\/\\\/diktardagar.no\\\/2020\\\/markens-grode-pa-skultbakken\\\/\",\"name\":\"Markens Gr\u00f8de p\u00e5 Skultbakken - Diktardagar 2020\",\"isPartOf\":{\"@id\":\"https:\\\/\\\/diktardagar.no\\\/2020\\\/#website\"},\"primaryImageOfPage\":{\"@id\":\"https:\\\/\\\/diktardagar.no\\\/2020\\\/markens-grode-pa-skultbakken\\\/#primaryimage\"},\"image\":{\"@id\":\"https:\\\/\\\/diktardagar.no\\\/2020\\\/markens-grode-pa-skultbakken\\\/#primaryimage\"},\"thumbnailUrl\":\"https:\\\/\\\/diktardagar.no\\\/2020\\\/wp-content\\\/uploads\\\/sites\\\/4\\\/2020\\\/08\\\/Endre.png\",\"datePublished\":\"2020-08-26T19:05:31+00:00\",\"dateModified\":\"2020-08-26T19:05:32+00:00\",\"author\":{\"@id\":\"https:\\\/\\\/diktardagar.no\\\/2020\\\/#\\\/schema\\\/person\\\/9465b0f760a30863ffd0b18eb17445a8\"},\"breadcrumb\":{\"@id\":\"https:\\\/\\\/diktardagar.no\\\/2020\\\/markens-grode-pa-skultbakken\\\/#breadcrumb\"},\"inLanguage\":\"nb-NO\",\"potentialAction\":[{\"@type\":\"ReadAction\",\"target\":[\"https:\\\/\\\/diktardagar.no\\\/2020\\\/markens-grode-pa-skultbakken\\\/\"]}]},{\"@type\":\"ImageObject\",\"inLanguage\":\"nb-NO\",\"@id\":\"https:\\\/\\\/diktardagar.no\\\/2020\\\/markens-grode-pa-skultbakken\\\/#primaryimage\",\"url\":\"https:\\\/\\\/diktardagar.no\\\/2020\\\/wp-content\\\/uploads\\\/sites\\\/4\\\/2020\\\/08\\\/Endre.png\",\"contentUrl\":\"https:\\\/\\\/diktardagar.no\\\/2020\\\/wp-content\\\/uploads\\\/sites\\\/4\\\/2020\\\/08\\\/Endre.png\",\"width\":928,\"height\":688},{\"@type\":\"BreadcrumbList\",\"@id\":\"https:\\\/\\\/diktardagar.no\\\/2020\\\/markens-grode-pa-skultbakken\\\/#breadcrumb\",\"itemListElement\":[{\"@type\":\"ListItem\",\"position\":1,\"name\":\"Hjem\",\"item\":\"https:\\\/\\\/diktardagar.no\\\/2020\\\/\"},{\"@type\":\"ListItem\",\"position\":2,\"name\":\"Markens Gr\u00f8de p\u00e5 Skultbakken\"}]},{\"@type\":\"WebSite\",\"@id\":\"https:\\\/\\\/diktardagar.no\\\/2020\\\/#website\",\"url\":\"https:\\\/\\\/diktardagar.no\\\/2020\\\/\",\"name\":\"Diktardagar 2020\",\"description\":\"\",\"potentialAction\":[{\"@type\":\"SearchAction\",\"target\":{\"@type\":\"EntryPoint\",\"urlTemplate\":\"https:\\\/\\\/diktardagar.no\\\/2020\\\/?s={search_term_string}\"},\"query-input\":{\"@type\":\"PropertyValueSpecification\",\"valueRequired\":true,\"valueName\":\"search_term_string\"}}],\"inLanguage\":\"nb-NO\"},{\"@type\":\"Person\",\"@id\":\"https:\\\/\\\/diktardagar.no\\\/2020\\\/#\\\/schema\\\/person\\\/9465b0f760a30863ffd0b18eb17445a8\",\"name\":\"Kari Anne Skjaak\",\"image\":{\"@type\":\"ImageObject\",\"inLanguage\":\"nb-NO\",\"@id\":\"https:\\\/\\\/secure.gravatar.com\\\/avatar\\\/45fce48bf9efe40deebed87264dce4638299cc0e9f035507924b9b8a115a02eb?s=96&d=mm&r=g\",\"url\":\"https:\\\/\\\/secure.gravatar.com\\\/avatar\\\/45fce48bf9efe40deebed87264dce4638299cc0e9f035507924b9b8a115a02eb?s=96&d=mm&r=g\",\"contentUrl\":\"https:\\\/\\\/secure.gravatar.com\\\/avatar\\\/45fce48bf9efe40deebed87264dce4638299cc0e9f035507924b9b8a115a02eb?s=96&d=mm&r=g\",\"caption\":\"Kari Anne Skjaak\"},\"url\":\"https:\\\/\\\/diktardagar.no\\\/2020\\\/author\\\/kaskjaak\\\/\"}]}<\/script>\n<!-- \/ Yoast SEO plugin. -->","yoast_head_json":{"title":"Markens Gr\u00f8de p\u00e5 Skultbakken - Diktardagar 2020","robots":{"index":"index","follow":"follow","max-snippet":"max-snippet:-1","max-image-preview":"max-image-preview:large","max-video-preview":"max-video-preview:-1"},"canonical":"https:\/\/diktardagar.no\/2020\/markens-grode-pa-skultbakken\/","og_locale":"nb_NO","og_type":"article","og_title":"Markens Gr\u00f8de p\u00e5 Skultbakken - Diktardagar 2020","og_description":"I \u00e5r er det 100 \u00e5r sidan Nobelprisen i litteratur gjekk til Knut Hamsun for romanen \u00abMarkens gr\u00f8de\u00bb. Under Diktardagar 2020 framf\u00f8rer Endre Skj\u00e5k og P\u00e5l Svindland ei musikalsk monologframf\u00f8ring av verket p\u00e5 Skultbakken i V\u00e5g\u00e5 der farslekta til Knut Hamsun kom fr\u00e5, sundag 6. september kl. 13.00.","og_url":"https:\/\/diktardagar.no\/2020\/markens-grode-pa-skultbakken\/","og_site_name":"Diktardagar 2020","article_published_time":"2020-08-26T19:05:31+00:00","article_modified_time":"2020-08-26T19:05:32+00:00","og_image":[{"width":928,"height":688,"url":"https:\/\/diktardagar.no\/2020\/wp-content\/uploads\/sites\/4\/2020\/08\/Endre.png","type":"image\/png"}],"author":"Kari Anne Skjaak","twitter_card":"summary_large_image","twitter_misc":{"Skrevet av":"Kari Anne Skjaak"},"schema":{"@context":"https:\/\/schema.org","@graph":[{"@type":"Article","@id":"https:\/\/diktardagar.no\/2020\/markens-grode-pa-skultbakken\/#article","isPartOf":{"@id":"https:\/\/diktardagar.no\/2020\/markens-grode-pa-skultbakken\/"},"author":{"name":"Kari Anne Skjaak","@id":"https:\/\/diktardagar.no\/2020\/#\/schema\/person\/9465b0f760a30863ffd0b18eb17445a8"},"headline":"Markens Gr\u00f8de p\u00e5 Skultbakken","datePublished":"2020-08-26T19:05:31+00:00","dateModified":"2020-08-26T19:05:32+00:00","mainEntityOfPage":{"@id":"https:\/\/diktardagar.no\/2020\/markens-grode-pa-skultbakken\/"},"wordCount":55,"image":{"@id":"https:\/\/diktardagar.no\/2020\/markens-grode-pa-skultbakken\/#primaryimage"},"thumbnailUrl":"https:\/\/diktardagar.no\/2020\/wp-content\/uploads\/sites\/4\/2020\/08\/Endre.png","articleSection":["Nyheter 2020"],"inLanguage":"nb-NO"},{"@type":"WebPage","@id":"https:\/\/diktardagar.no\/2020\/markens-grode-pa-skultbakken\/","url":"https:\/\/diktardagar.no\/2020\/markens-grode-pa-skultbakken\/","name":"Markens Gr\u00f8de p\u00e5 Skultbakken - Diktardagar 2020","isPartOf":{"@id":"https:\/\/diktardagar.no\/2020\/#website"},"primaryImageOfPage":{"@id":"https:\/\/diktardagar.no\/2020\/markens-grode-pa-skultbakken\/#primaryimage"},"image":{"@id":"https:\/\/diktardagar.no\/2020\/markens-grode-pa-skultbakken\/#primaryimage"},"thumbnailUrl":"https:\/\/diktardagar.no\/2020\/wp-content\/uploads\/sites\/4\/2020\/08\/Endre.png","datePublished":"2020-08-26T19:05:31+00:00","dateModified":"2020-08-26T19:05:32+00:00","author":{"@id":"https:\/\/diktardagar.no\/2020\/#\/schema\/person\/9465b0f760a30863ffd0b18eb17445a8"},"breadcrumb":{"@id":"https:\/\/diktardagar.no\/2020\/markens-grode-pa-skultbakken\/#breadcrumb"},"inLanguage":"nb-NO","potentialAction":[{"@type":"ReadAction","target":["https:\/\/diktardagar.no\/2020\/markens-grode-pa-skultbakken\/"]}]},{"@type":"ImageObject","inLanguage":"nb-NO","@id":"https:\/\/diktardagar.no\/2020\/markens-grode-pa-skultbakken\/#primaryimage","url":"https:\/\/diktardagar.no\/2020\/wp-content\/uploads\/sites\/4\/2020\/08\/Endre.png","contentUrl":"https:\/\/diktardagar.no\/2020\/wp-content\/uploads\/sites\/4\/2020\/08\/Endre.png","width":928,"height":688},{"@type":"BreadcrumbList","@id":"https:\/\/diktardagar.no\/2020\/markens-grode-pa-skultbakken\/#breadcrumb","itemListElement":[{"@type":"ListItem","position":1,"name":"Hjem","item":"https:\/\/diktardagar.no\/2020\/"},{"@type":"ListItem","position":2,"name":"Markens Gr\u00f8de p\u00e5 Skultbakken"}]},{"@type":"WebSite","@id":"https:\/\/diktardagar.no\/2020\/#website","url":"https:\/\/diktardagar.no\/2020\/","name":"Diktardagar 2020","description":"","potentialAction":[{"@type":"SearchAction","target":{"@type":"EntryPoint","urlTemplate":"https:\/\/diktardagar.no\/2020\/?s={search_term_string}"},"query-input":{"@type":"PropertyValueSpecification","valueRequired":true,"valueName":"search_term_string"}}],"inLanguage":"nb-NO"},{"@type":"Person","@id":"https:\/\/diktardagar.no\/2020\/#\/schema\/person\/9465b0f760a30863ffd0b18eb17445a8","name":"Kari Anne Skjaak","image":{"@type":"ImageObject","inLanguage":"nb-NO","@id":"https:\/\/secure.gravatar.com\/avatar\/45fce48bf9efe40deebed87264dce4638299cc0e9f035507924b9b8a115a02eb?s=96&d=mm&r=g","url":"https:\/\/secure.gravatar.com\/avatar\/45fce48bf9efe40deebed87264dce4638299cc0e9f035507924b9b8a115a02eb?s=96&d=mm&r=g","contentUrl":"https:\/\/secure.gravatar.com\/avatar\/45fce48bf9efe40deebed87264dce4638299cc0e9f035507924b9b8a115a02eb?s=96&d=mm&r=g","caption":"Kari Anne Skjaak"},"url":"https:\/\/diktardagar.no\/2020\/author\/kaskjaak\/"}]}},"_links":{"self":[{"href":"https:\/\/diktardagar.no\/2020\/wp-json\/wp\/v2\/posts\/3043","targetHints":{"allow":["GET"]}}],"collection":[{"href":"https:\/\/diktardagar.no\/2020\/wp-json\/wp\/v2\/posts"}],"about":[{"href":"https:\/\/diktardagar.no\/2020\/wp-json\/wp\/v2\/types\/post"}],"author":[{"embeddable":true,"href":"https:\/\/diktardagar.no\/2020\/wp-json\/wp\/v2\/users\/127"}],"replies":[{"embeddable":true,"href":"https:\/\/diktardagar.no\/2020\/wp-json\/wp\/v2\/comments?post=3043"}],"version-history":[{"count":1,"href":"https:\/\/diktardagar.no\/2020\/wp-json\/wp\/v2\/posts\/3043\/revisions"}],"predecessor-version":[{"id":3045,"href":"https:\/\/diktardagar.no\/2020\/wp-json\/wp\/v2\/posts\/3043\/revisions\/3045"}],"wp:featuredmedia":[{"embeddable":true,"href":"https:\/\/diktardagar.no\/2020\/wp-json\/wp\/v2\/media\/3044"}],"wp:attachment":[{"href":"https:\/\/diktardagar.no\/2020\/wp-json\/wp\/v2\/media?parent=3043"}],"wp:term":[{"taxonomy":"category","embeddable":true,"href":"https:\/\/diktardagar.no\/2020\/wp-json\/wp\/v2\/categories?post=3043"},{"taxonomy":"post_tag","embeddable":true,"href":"https:\/\/diktardagar.no\/2020\/wp-json\/wp\/v2\/tags?post=3043"}],"curies":[{"name":"wp","href":"https:\/\/api.w.org\/{rel}","templated":true}]}}