{"id":2860,"date":"2019-08-27T10:29:04","date_gmt":"2019-08-27T08:29:04","guid":{"rendered":"https:\/\/diktardagar.no\/2019\/?p=2860"},"modified":"2019-08-27T10:32:34","modified_gmt":"2019-08-27T08:32:34","slug":"jotunheimen-underholdning-presenterer-vindsus-i-fjell","status":"publish","type":"post","link":"https:\/\/diktardagar.no\/2019\/jotunheimen-underholdning-presenterer-vindsus-i-fjell\/","title":{"rendered":"Jotunheimen Underholdning presenterer &laquo;Vindsus i fjell&raquo;"},"content":{"rendered":"\n<p><\/p>\n\n\n\n<p>&#8211; Har du h\u00f8yrt suset i fjellet? Ekkoet fr\u00e5 dei som var her f\u00f8r oss. Syngjande songar om svunne tider. <\/p>\n\n\n\n<p> Under Festkveld i Utgard laurdag vil Jotunheimen Underholdning presentere ei heilt ny framsyning. Endre Skj\u00e5k fortel dette:\u00a0 <\/p>\n\n\n\n<p>Gjennom dikt av Olav Aukrust og nyskrivne songar av Lars Bakke ynskjer vi \u00e5 ta dykk med p\u00e5 ei reise bakover i tid og h\u00f8gt til fjells. Til seterstular og budeier, huldrer og engelske fotturistar, i eit vakkert men farleg fjell. Vi har latt oss inspirere av historier og segn og &nbsp;saman med dikt av Olav Aukrust knytta til fjella har dette vorte eit m\u00f8te i fjellet om bruken av det til alle tider. Alt er sj\u00f8lvsagt ikkje sant, slikt er det med dikt og fjas, men det meste kan ha vore det. <\/p>\n\n\n\n<p>&laquo;Vindsus i fjell&raquo; er ei sj\u00f8lvstendig framsyning p\u00e5\nom lag 35 minutt som har vorte innspelt i l\u00f8pet av vinteren. Dette er eigentleg\neit forprosjekt til det vi h\u00e5per kan bli ei lengre framsyning etter kvart, om\nfjella best\u00e5r. <\/p>\n\n\n\n<p>Med: Lars Bakke, Eldri Tofte, Endre Skj\u00e5k og  Reidar Svare. Musikkprodusent: Kenneth M. Lewis.  Foto\/video: Yury Rogachev.<\/p>\n","protected":false},"excerpt":{"rendered":"<p>&#8211; Har du h\u00f8yrt suset i fjellet? Ekkoet fr\u00e5 dei som var her f\u00f8r oss. Syngjande songar om svunne tider. Under Festkveld i Utgard laurdag vil Jotunheimen Underholdning presentere ei heilt ny framsyning. Endre Skj\u00e5k fortel dette:\u00a0 Gjennom dikt av Olav Aukrust og nyskrivne songar av Lars Bakke ynskjer vi \u00e5 ta dykk med p\u00e5&hellip;<\/p>\n","protected":false},"author":127,"featured_media":2861,"comment_status":"closed","ping_status":"open","sticky":false,"template":"","format":"standard","meta":{"footnotes":""},"categories":[34],"tags":[],"class_list":["post-2860","post","type-post","status-publish","format-standard","has-post-thumbnail","hentry","category-34"],"yoast_head":"<!-- This site is optimized with the Yoast SEO plugin v27.5 - https:\/\/yoast.com\/product\/yoast-seo-wordpress\/ -->\n<title>Jotunheimen Underholdning presenterer &quot;Vindsus i fjell&quot; - Diktardagar 2019<\/title>\n<meta name=\"robots\" content=\"index, follow, max-snippet:-1, max-image-preview:large, max-video-preview:-1\" \/>\n<link rel=\"canonical\" href=\"https:\/\/diktardagar.no\/2019\/jotunheimen-underholdning-presenterer-vindsus-i-fjell\/\" class=\"yoast-seo-meta-tag\" \/>\n<meta property=\"og:locale\" content=\"nb_NO\" class=\"yoast-seo-meta-tag\" \/>\n<meta property=\"og:type\" content=\"article\" class=\"yoast-seo-meta-tag\" \/>\n<meta property=\"og:title\" content=\"Jotunheimen Underholdning presenterer &quot;Vindsus i fjell&quot; - Diktardagar 2019\" class=\"yoast-seo-meta-tag\" \/>\n<meta property=\"og:description\" content=\"&#8211; Har du h\u00f8yrt suset i fjellet? Ekkoet fr\u00e5 dei som var her f\u00f8r oss. Syngjande songar om svunne tider. Under Festkveld i Utgard laurdag vil Jotunheimen Underholdning presentere ei heilt ny framsyning. Endre Skj\u00e5k fortel dette:\u00a0 Gjennom dikt av Olav Aukrust og nyskrivne songar av Lars Bakke ynskjer vi \u00e5 ta dykk med p\u00e5&hellip;\" class=\"yoast-seo-meta-tag\" \/>\n<meta property=\"og:url\" content=\"https:\/\/diktardagar.no\/2019\/jotunheimen-underholdning-presenterer-vindsus-i-fjell\/\" class=\"yoast-seo-meta-tag\" \/>\n<meta property=\"og:site_name\" content=\"Diktardagar 2019\" class=\"yoast-seo-meta-tag\" \/>\n<meta property=\"article:published_time\" content=\"2019-08-27T08:29:04+00:00\" class=\"yoast-seo-meta-tag\" \/>\n<meta property=\"article:modified_time\" content=\"2019-08-27T08:32:34+00:00\" class=\"yoast-seo-meta-tag\" \/>\n<meta property=\"og:image\" content=\"https:\/\/diktardagar.no\/2019\/wp-content\/uploads\/sites\/6\/2019\/08\/vindsus.jpg\" class=\"yoast-seo-meta-tag\" \/>\n\t<meta property=\"og:image:width\" content=\"1309\" class=\"yoast-seo-meta-tag\" \/>\n\t<meta property=\"og:image:height\" content=\"922\" class=\"yoast-seo-meta-tag\" \/>\n\t<meta property=\"og:image:type\" content=\"image\/jpeg\" class=\"yoast-seo-meta-tag\" \/>\n<meta name=\"author\" content=\"Kari Anne Skjaak\" class=\"yoast-seo-meta-tag\" \/>\n<meta name=\"twitter:card\" content=\"summary_large_image\" class=\"yoast-seo-meta-tag\" \/>\n<meta name=\"twitter:label1\" content=\"Skrevet av\" class=\"yoast-seo-meta-tag\" \/>\n\t<meta name=\"twitter:data1\" content=\"Kari Anne Skjaak\" class=\"yoast-seo-meta-tag\" \/>\n\t<meta name=\"twitter:label2\" content=\"Ansl. lesetid\" class=\"yoast-seo-meta-tag\" \/>\n\t<meta name=\"twitter:data2\" content=\"1 minutt\" class=\"yoast-seo-meta-tag\" \/>\n<script type=\"application\/ld+json\" class=\"yoast-schema-graph\">{\"@context\":\"https:\\\/\\\/schema.org\",\"@graph\":[{\"@type\":\"Article\",\"@id\":\"https:\\\/\\\/diktardagar.no\\\/2019\\\/jotunheimen-underholdning-presenterer-vindsus-i-fjell\\\/#article\",\"isPartOf\":{\"@id\":\"https:\\\/\\\/diktardagar.no\\\/2019\\\/jotunheimen-underholdning-presenterer-vindsus-i-fjell\\\/\"},\"author\":{\"name\":\"Kari Anne Skjaak\",\"@id\":\"https:\\\/\\\/diktardagar.no\\\/2019\\\/#\\\/schema\\\/person\\\/9465b0f760a30863ffd0b18eb17445a8\"},\"headline\":\"Jotunheimen Underholdning presenterer &laquo;Vindsus i fjell&raquo;\",\"datePublished\":\"2019-08-27T08:29:04+00:00\",\"dateModified\":\"2019-08-27T08:32:34+00:00\",\"mainEntityOfPage\":{\"@id\":\"https:\\\/\\\/diktardagar.no\\\/2019\\\/jotunheimen-underholdning-presenterer-vindsus-i-fjell\\\/\"},\"wordCount\":203,\"image\":{\"@id\":\"https:\\\/\\\/diktardagar.no\\\/2019\\\/jotunheimen-underholdning-presenterer-vindsus-i-fjell\\\/#primaryimage\"},\"thumbnailUrl\":\"https:\\\/\\\/diktardagar.no\\\/2019\\\/wp-content\\\/uploads\\\/sites\\\/6\\\/2019\\\/08\\\/vindsus.jpg\",\"articleSection\":[\"Nyheter 2019\"],\"inLanguage\":\"nb-NO\"},{\"@type\":\"WebPage\",\"@id\":\"https:\\\/\\\/diktardagar.no\\\/2019\\\/jotunheimen-underholdning-presenterer-vindsus-i-fjell\\\/\",\"url\":\"https:\\\/\\\/diktardagar.no\\\/2019\\\/jotunheimen-underholdning-presenterer-vindsus-i-fjell\\\/\",\"name\":\"Jotunheimen Underholdning presenterer \\\"Vindsus i fjell\\\" - Diktardagar 2019\",\"isPartOf\":{\"@id\":\"https:\\\/\\\/diktardagar.no\\\/2019\\\/#website\"},\"primaryImageOfPage\":{\"@id\":\"https:\\\/\\\/diktardagar.no\\\/2019\\\/jotunheimen-underholdning-presenterer-vindsus-i-fjell\\\/#primaryimage\"},\"image\":{\"@id\":\"https:\\\/\\\/diktardagar.no\\\/2019\\\/jotunheimen-underholdning-presenterer-vindsus-i-fjell\\\/#primaryimage\"},\"thumbnailUrl\":\"https:\\\/\\\/diktardagar.no\\\/2019\\\/wp-content\\\/uploads\\\/sites\\\/6\\\/2019\\\/08\\\/vindsus.jpg\",\"datePublished\":\"2019-08-27T08:29:04+00:00\",\"dateModified\":\"2019-08-27T08:32:34+00:00\",\"author\":{\"@id\":\"https:\\\/\\\/diktardagar.no\\\/2019\\\/#\\\/schema\\\/person\\\/9465b0f760a30863ffd0b18eb17445a8\"},\"breadcrumb\":{\"@id\":\"https:\\\/\\\/diktardagar.no\\\/2019\\\/jotunheimen-underholdning-presenterer-vindsus-i-fjell\\\/#breadcrumb\"},\"inLanguage\":\"nb-NO\",\"potentialAction\":[{\"@type\":\"ReadAction\",\"target\":[\"https:\\\/\\\/diktardagar.no\\\/2019\\\/jotunheimen-underholdning-presenterer-vindsus-i-fjell\\\/\"]}]},{\"@type\":\"ImageObject\",\"inLanguage\":\"nb-NO\",\"@id\":\"https:\\\/\\\/diktardagar.no\\\/2019\\\/jotunheimen-underholdning-presenterer-vindsus-i-fjell\\\/#primaryimage\",\"url\":\"https:\\\/\\\/diktardagar.no\\\/2019\\\/wp-content\\\/uploads\\\/sites\\\/6\\\/2019\\\/08\\\/vindsus.jpg\",\"contentUrl\":\"https:\\\/\\\/diktardagar.no\\\/2019\\\/wp-content\\\/uploads\\\/sites\\\/6\\\/2019\\\/08\\\/vindsus.jpg\",\"width\":1309,\"height\":922},{\"@type\":\"BreadcrumbList\",\"@id\":\"https:\\\/\\\/diktardagar.no\\\/2019\\\/jotunheimen-underholdning-presenterer-vindsus-i-fjell\\\/#breadcrumb\",\"itemListElement\":[{\"@type\":\"ListItem\",\"position\":1,\"name\":\"Hjem\",\"item\":\"https:\\\/\\\/diktardagar.no\\\/2019\\\/\"},{\"@type\":\"ListItem\",\"position\":2,\"name\":\"Jotunheimen Underholdning presenterer &laquo;Vindsus i fjell&raquo;\"}]},{\"@type\":\"WebSite\",\"@id\":\"https:\\\/\\\/diktardagar.no\\\/2019\\\/#website\",\"url\":\"https:\\\/\\\/diktardagar.no\\\/2019\\\/\",\"name\":\"Diktardagar 2019\",\"description\":\"\",\"potentialAction\":[{\"@type\":\"SearchAction\",\"target\":{\"@type\":\"EntryPoint\",\"urlTemplate\":\"https:\\\/\\\/diktardagar.no\\\/2019\\\/?s={search_term_string}\"},\"query-input\":{\"@type\":\"PropertyValueSpecification\",\"valueRequired\":true,\"valueName\":\"search_term_string\"}}],\"inLanguage\":\"nb-NO\"},{\"@type\":\"Person\",\"@id\":\"https:\\\/\\\/diktardagar.no\\\/2019\\\/#\\\/schema\\\/person\\\/9465b0f760a30863ffd0b18eb17445a8\",\"name\":\"Kari Anne Skjaak\",\"image\":{\"@type\":\"ImageObject\",\"inLanguage\":\"nb-NO\",\"@id\":\"https:\\\/\\\/secure.gravatar.com\\\/avatar\\\/45fce48bf9efe40deebed87264dce4638299cc0e9f035507924b9b8a115a02eb?s=96&d=mm&r=g\",\"url\":\"https:\\\/\\\/secure.gravatar.com\\\/avatar\\\/45fce48bf9efe40deebed87264dce4638299cc0e9f035507924b9b8a115a02eb?s=96&d=mm&r=g\",\"contentUrl\":\"https:\\\/\\\/secure.gravatar.com\\\/avatar\\\/45fce48bf9efe40deebed87264dce4638299cc0e9f035507924b9b8a115a02eb?s=96&d=mm&r=g\",\"caption\":\"Kari Anne Skjaak\"},\"url\":\"https:\\\/\\\/diktardagar.no\\\/2019\\\/author\\\/kaskjaak\\\/\"}]}<\/script>\n<!-- \/ Yoast SEO plugin. -->","yoast_head_json":{"title":"Jotunheimen Underholdning presenterer \"Vindsus i fjell\" - Diktardagar 2019","robots":{"index":"index","follow":"follow","max-snippet":"max-snippet:-1","max-image-preview":"max-image-preview:large","max-video-preview":"max-video-preview:-1"},"canonical":"https:\/\/diktardagar.no\/2019\/jotunheimen-underholdning-presenterer-vindsus-i-fjell\/","og_locale":"nb_NO","og_type":"article","og_title":"Jotunheimen Underholdning presenterer \"Vindsus i fjell\" - Diktardagar 2019","og_description":"&#8211; Har du h\u00f8yrt suset i fjellet? Ekkoet fr\u00e5 dei som var her f\u00f8r oss. Syngjande songar om svunne tider. Under Festkveld i Utgard laurdag vil Jotunheimen Underholdning presentere ei heilt ny framsyning. Endre Skj\u00e5k fortel dette:\u00a0 Gjennom dikt av Olav Aukrust og nyskrivne songar av Lars Bakke ynskjer vi \u00e5 ta dykk med p\u00e5&hellip;","og_url":"https:\/\/diktardagar.no\/2019\/jotunheimen-underholdning-presenterer-vindsus-i-fjell\/","og_site_name":"Diktardagar 2019","article_published_time":"2019-08-27T08:29:04+00:00","article_modified_time":"2019-08-27T08:32:34+00:00","og_image":[{"width":1309,"height":922,"url":"https:\/\/diktardagar.no\/2019\/wp-content\/uploads\/sites\/6\/2019\/08\/vindsus.jpg","type":"image\/jpeg"}],"author":"Kari Anne Skjaak","twitter_card":"summary_large_image","twitter_misc":{"Skrevet av":"Kari Anne Skjaak","Ansl. lesetid":"1 minutt"},"schema":{"@context":"https:\/\/schema.org","@graph":[{"@type":"Article","@id":"https:\/\/diktardagar.no\/2019\/jotunheimen-underholdning-presenterer-vindsus-i-fjell\/#article","isPartOf":{"@id":"https:\/\/diktardagar.no\/2019\/jotunheimen-underholdning-presenterer-vindsus-i-fjell\/"},"author":{"name":"Kari Anne Skjaak","@id":"https:\/\/diktardagar.no\/2019\/#\/schema\/person\/9465b0f760a30863ffd0b18eb17445a8"},"headline":"Jotunheimen Underholdning presenterer &laquo;Vindsus i fjell&raquo;","datePublished":"2019-08-27T08:29:04+00:00","dateModified":"2019-08-27T08:32:34+00:00","mainEntityOfPage":{"@id":"https:\/\/diktardagar.no\/2019\/jotunheimen-underholdning-presenterer-vindsus-i-fjell\/"},"wordCount":203,"image":{"@id":"https:\/\/diktardagar.no\/2019\/jotunheimen-underholdning-presenterer-vindsus-i-fjell\/#primaryimage"},"thumbnailUrl":"https:\/\/diktardagar.no\/2019\/wp-content\/uploads\/sites\/6\/2019\/08\/vindsus.jpg","articleSection":["Nyheter 2019"],"inLanguage":"nb-NO"},{"@type":"WebPage","@id":"https:\/\/diktardagar.no\/2019\/jotunheimen-underholdning-presenterer-vindsus-i-fjell\/","url":"https:\/\/diktardagar.no\/2019\/jotunheimen-underholdning-presenterer-vindsus-i-fjell\/","name":"Jotunheimen Underholdning presenterer \"Vindsus i fjell\" - Diktardagar 2019","isPartOf":{"@id":"https:\/\/diktardagar.no\/2019\/#website"},"primaryImageOfPage":{"@id":"https:\/\/diktardagar.no\/2019\/jotunheimen-underholdning-presenterer-vindsus-i-fjell\/#primaryimage"},"image":{"@id":"https:\/\/diktardagar.no\/2019\/jotunheimen-underholdning-presenterer-vindsus-i-fjell\/#primaryimage"},"thumbnailUrl":"https:\/\/diktardagar.no\/2019\/wp-content\/uploads\/sites\/6\/2019\/08\/vindsus.jpg","datePublished":"2019-08-27T08:29:04+00:00","dateModified":"2019-08-27T08:32:34+00:00","author":{"@id":"https:\/\/diktardagar.no\/2019\/#\/schema\/person\/9465b0f760a30863ffd0b18eb17445a8"},"breadcrumb":{"@id":"https:\/\/diktardagar.no\/2019\/jotunheimen-underholdning-presenterer-vindsus-i-fjell\/#breadcrumb"},"inLanguage":"nb-NO","potentialAction":[{"@type":"ReadAction","target":["https:\/\/diktardagar.no\/2019\/jotunheimen-underholdning-presenterer-vindsus-i-fjell\/"]}]},{"@type":"ImageObject","inLanguage":"nb-NO","@id":"https:\/\/diktardagar.no\/2019\/jotunheimen-underholdning-presenterer-vindsus-i-fjell\/#primaryimage","url":"https:\/\/diktardagar.no\/2019\/wp-content\/uploads\/sites\/6\/2019\/08\/vindsus.jpg","contentUrl":"https:\/\/diktardagar.no\/2019\/wp-content\/uploads\/sites\/6\/2019\/08\/vindsus.jpg","width":1309,"height":922},{"@type":"BreadcrumbList","@id":"https:\/\/diktardagar.no\/2019\/jotunheimen-underholdning-presenterer-vindsus-i-fjell\/#breadcrumb","itemListElement":[{"@type":"ListItem","position":1,"name":"Hjem","item":"https:\/\/diktardagar.no\/2019\/"},{"@type":"ListItem","position":2,"name":"Jotunheimen Underholdning presenterer &laquo;Vindsus i fjell&raquo;"}]},{"@type":"WebSite","@id":"https:\/\/diktardagar.no\/2019\/#website","url":"https:\/\/diktardagar.no\/2019\/","name":"Diktardagar 2019","description":"","potentialAction":[{"@type":"SearchAction","target":{"@type":"EntryPoint","urlTemplate":"https:\/\/diktardagar.no\/2019\/?s={search_term_string}"},"query-input":{"@type":"PropertyValueSpecification","valueRequired":true,"valueName":"search_term_string"}}],"inLanguage":"nb-NO"},{"@type":"Person","@id":"https:\/\/diktardagar.no\/2019\/#\/schema\/person\/9465b0f760a30863ffd0b18eb17445a8","name":"Kari Anne Skjaak","image":{"@type":"ImageObject","inLanguage":"nb-NO","@id":"https:\/\/secure.gravatar.com\/avatar\/45fce48bf9efe40deebed87264dce4638299cc0e9f035507924b9b8a115a02eb?s=96&d=mm&r=g","url":"https:\/\/secure.gravatar.com\/avatar\/45fce48bf9efe40deebed87264dce4638299cc0e9f035507924b9b8a115a02eb?s=96&d=mm&r=g","contentUrl":"https:\/\/secure.gravatar.com\/avatar\/45fce48bf9efe40deebed87264dce4638299cc0e9f035507924b9b8a115a02eb?s=96&d=mm&r=g","caption":"Kari Anne Skjaak"},"url":"https:\/\/diktardagar.no\/2019\/author\/kaskjaak\/"}]}},"_links":{"self":[{"href":"https:\/\/diktardagar.no\/2019\/wp-json\/wp\/v2\/posts\/2860","targetHints":{"allow":["GET"]}}],"collection":[{"href":"https:\/\/diktardagar.no\/2019\/wp-json\/wp\/v2\/posts"}],"about":[{"href":"https:\/\/diktardagar.no\/2019\/wp-json\/wp\/v2\/types\/post"}],"author":[{"embeddable":true,"href":"https:\/\/diktardagar.no\/2019\/wp-json\/wp\/v2\/users\/127"}],"replies":[{"embeddable":true,"href":"https:\/\/diktardagar.no\/2019\/wp-json\/wp\/v2\/comments?post=2860"}],"version-history":[{"count":2,"href":"https:\/\/diktardagar.no\/2019\/wp-json\/wp\/v2\/posts\/2860\/revisions"}],"predecessor-version":[{"id":2863,"href":"https:\/\/diktardagar.no\/2019\/wp-json\/wp\/v2\/posts\/2860\/revisions\/2863"}],"wp:featuredmedia":[{"embeddable":true,"href":"https:\/\/diktardagar.no\/2019\/wp-json\/wp\/v2\/media\/2861"}],"wp:attachment":[{"href":"https:\/\/diktardagar.no\/2019\/wp-json\/wp\/v2\/media?parent=2860"}],"wp:term":[{"taxonomy":"category","embeddable":true,"href":"https:\/\/diktardagar.no\/2019\/wp-json\/wp\/v2\/categories?post=2860"},{"taxonomy":"post_tag","embeddable":true,"href":"https:\/\/diktardagar.no\/2019\/wp-json\/wp\/v2\/tags?post=2860"}],"curies":[{"name":"wp","href":"https:\/\/api.w.org\/{rel}","templated":true}]}}