{"id":2553,"date":"2018-08-21T07:34:39","date_gmt":"2018-08-21T05:34:39","guid":{"rendered":"https:\/\/diktardagar.no\/2018\/?p=2553"},"modified":"2018-08-21T07:34:39","modified_gmt":"2018-08-21T05:34:39","slug":"barn-i-lokal-songarv","status":"publish","type":"post","link":"https:\/\/diktardagar.no\/2018\/barn-i-lokal-songarv\/","title":{"rendered":"Barn i lokal songarv"},"content":{"rendered":"<p><img loading=\"lazy\" decoding=\"async\" class=\"alignright wp-image-2554 size-medium\" src=\"https:\/\/diktardagar.no\/2018\/wp-content\/uploads\/sites\/8\/2018\/08\/Barn-i-lokal-songarv-300x247.jpg\" alt=\"\" width=\"300\" height=\"247\" srcset=\"https:\/\/diktardagar.no\/2018\/wp-content\/uploads\/sites\/8\/2018\/08\/Barn-i-lokal-songarv-300x247.jpg 300w, https:\/\/diktardagar.no\/2018\/wp-content\/uploads\/sites\/8\/2018\/08\/Barn-i-lokal-songarv-768x632.jpg 768w, https:\/\/diktardagar.no\/2018\/wp-content\/uploads\/sites\/8\/2018\/08\/Barn-i-lokal-songarv-1024x843.jpg 1024w, https:\/\/diktardagar.no\/2018\/wp-content\/uploads\/sites\/8\/2018\/08\/Barn-i-lokal-songarv-1080x889.jpg 1080w, https:\/\/diktardagar.no\/2018\/wp-content\/uploads\/sites\/8\/2018\/08\/Barn-i-lokal-songarv.jpg 1920w\" sizes=\"auto, (max-width: 300px) 100vw, 300px\" \/>Prosjektet Barn i lokal songarv vil ogs\u00e5 i \u00e5r vera med i Diktardagar. Fredag 31. august vil det vera &laquo;Diktardagarkonsertar&raquo; p\u00e5 skulane i Lom, Skj\u00e5k og V\u00e5g\u00e5. I tillegg blir det konsert fore bebuarane p\u00e5 Skj\u00e5kheimen, V\u00e5g\u00e5heimen og Helseheimen i Lom. Som tidlegare \u00e5r, vil ei lita gruppe opne festkvelden i Utgard med \u00e5 synge nokre lokale sm\u00e5stubbar.<br \/>\nTiltaket starta som eit samarbeidsprosjekt mellom Diktardagar og Kvedargruppa Lom-Skj\u00e5k-V\u00e5g\u00e5 for Norsk Kvedarforum i 2015\/2016, og omfattar n\u00e5 barn fr\u00e5 barnehage til fyrste \u00e5ret p\u00e5 ungdomsskulen. Prosjektet er finansiert av Norsk Kulturr\u00e5d, Oppland Fylkeskommune &#8211; Kriblemidlar, R\u00e5det for folkemusikk og folkedans, G-kultur, Lom kommune, Skj\u00e5k kommune og Sparebank 1 Lom og Skj\u00e5k. Fr\u00e5 2019 er det Spelmannslaga i Lom, Skj\u00e5k og V\u00e5g\u00e5 som overtek ansvaret for f\u00f8re vidare Basrn i lokal songarv.<\/p>\n","protected":false},"excerpt":{"rendered":"<p>Prosjektet Barn i lokal songarv vil ogs\u00e5 i \u00e5r vera med i Diktardagar. Fredag 31. august vil det vera &laquo;Diktardagarkonsertar&raquo; p\u00e5 skulane i Lom, Skj\u00e5k og V\u00e5g\u00e5. I tillegg blir det konsert fore bebuarane p\u00e5 Skj\u00e5kheimen, V\u00e5g\u00e5heimen og Helseheimen i Lom. Som tidlegare \u00e5r, vil ei lita gruppe opne festkvelden i Utgard med \u00e5 synge nokre lokale sm\u00e5stubbar.<\/p>\n","protected":false},"author":10,"featured_media":2554,"comment_status":"closed","ping_status":"open","sticky":false,"template":"","format":"standard","meta":{"footnotes":""},"categories":[6,31],"tags":[],"class_list":["post-2553","post","type-post","status-publish","format-standard","has-post-thumbnail","hentry","category-nyheter","category-nyheter-2018"],"yoast_head":"<!-- This site is optimized with the Yoast SEO plugin v27.5 - https:\/\/yoast.com\/product\/yoast-seo-wordpress\/ -->\n<title>Barn i lokal songarv - Diktardagar 2018<\/title>\n<meta name=\"robots\" content=\"index, follow, max-snippet:-1, max-image-preview:large, max-video-preview:-1\" \/>\n<link rel=\"canonical\" href=\"https:\/\/diktardagar.no\/2018\/barn-i-lokal-songarv\/\" class=\"yoast-seo-meta-tag\" \/>\n<meta property=\"og:locale\" content=\"nb_NO\" class=\"yoast-seo-meta-tag\" \/>\n<meta property=\"og:type\" content=\"article\" class=\"yoast-seo-meta-tag\" \/>\n<meta property=\"og:title\" content=\"Barn i lokal songarv - Diktardagar 2018\" class=\"yoast-seo-meta-tag\" \/>\n<meta property=\"og:description\" content=\"Prosjektet Barn i lokal songarv vil ogs\u00e5 i \u00e5r vera med i Diktardagar. Fredag 31. august vil det vera &quot;Diktardagarkonsertar&quot; p\u00e5 skulane i Lom, Skj\u00e5k og V\u00e5g\u00e5. I tillegg blir det konsert fore bebuarane p\u00e5 Skj\u00e5kheimen, V\u00e5g\u00e5heimen og Helseheimen i Lom. Som tidlegare \u00e5r, vil ei lita gruppe opne festkvelden i Utgard med \u00e5 synge nokre lokale sm\u00e5stubbar.\" class=\"yoast-seo-meta-tag\" \/>\n<meta property=\"og:url\" content=\"https:\/\/diktardagar.no\/2018\/barn-i-lokal-songarv\/\" class=\"yoast-seo-meta-tag\" \/>\n<meta property=\"og:site_name\" content=\"Diktardagar 2018\" class=\"yoast-seo-meta-tag\" \/>\n<meta property=\"article:published_time\" content=\"2018-08-21T05:34:39+00:00\" class=\"yoast-seo-meta-tag\" \/>\n<meta property=\"og:image\" content=\"https:\/\/diktardagar.no\/2018\/wp-content\/uploads\/sites\/8\/2018\/08\/Barn-i-lokal-songarv.jpg\" class=\"yoast-seo-meta-tag\" \/>\n\t<meta property=\"og:image:width\" content=\"1920\" class=\"yoast-seo-meta-tag\" \/>\n\t<meta property=\"og:image:height\" content=\"1581\" class=\"yoast-seo-meta-tag\" \/>\n\t<meta property=\"og:image:type\" content=\"image\/jpeg\" class=\"yoast-seo-meta-tag\" \/>\n<meta name=\"author\" content=\"Robert Strind\" class=\"yoast-seo-meta-tag\" \/>\n<meta name=\"twitter:card\" content=\"summary_large_image\" class=\"yoast-seo-meta-tag\" \/>\n<meta name=\"twitter:label1\" content=\"Skrevet av\" class=\"yoast-seo-meta-tag\" \/>\n\t<meta name=\"twitter:data1\" content=\"Robert Strind\" class=\"yoast-seo-meta-tag\" \/>\n\t<meta name=\"twitter:label2\" content=\"Ansl. lesetid\" class=\"yoast-seo-meta-tag\" \/>\n\t<meta name=\"twitter:data2\" content=\"1 minutt\" class=\"yoast-seo-meta-tag\" \/>\n<script type=\"application\/ld+json\" class=\"yoast-schema-graph\">{\"@context\":\"https:\\\/\\\/schema.org\",\"@graph\":[{\"@type\":\"Article\",\"@id\":\"https:\\\/\\\/diktardagar.no\\\/2018\\\/barn-i-lokal-songarv\\\/#article\",\"isPartOf\":{\"@id\":\"https:\\\/\\\/diktardagar.no\\\/2018\\\/barn-i-lokal-songarv\\\/\"},\"author\":{\"name\":\"Robert Strind\",\"@id\":\"https:\\\/\\\/diktardagar.no\\\/2018\\\/#\\\/schema\\\/person\\\/5d9d1818ebebfe79b90b37ddc62a401a\"},\"headline\":\"Barn i lokal songarv\",\"datePublished\":\"2018-08-21T05:34:39+00:00\",\"mainEntityOfPage\":{\"@id\":\"https:\\\/\\\/diktardagar.no\\\/2018\\\/barn-i-lokal-songarv\\\/\"},\"wordCount\":144,\"image\":{\"@id\":\"https:\\\/\\\/diktardagar.no\\\/2018\\\/barn-i-lokal-songarv\\\/#primaryimage\"},\"thumbnailUrl\":\"https:\\\/\\\/diktardagar.no\\\/2018\\\/wp-content\\\/uploads\\\/sites\\\/8\\\/2018\\\/08\\\/Barn-i-lokal-songarv.jpg\",\"articleSection\":[\"Nyheter\",\"Nyheter 2018\"],\"inLanguage\":\"nb-NO\"},{\"@type\":\"WebPage\",\"@id\":\"https:\\\/\\\/diktardagar.no\\\/2018\\\/barn-i-lokal-songarv\\\/\",\"url\":\"https:\\\/\\\/diktardagar.no\\\/2018\\\/barn-i-lokal-songarv\\\/\",\"name\":\"Barn i lokal songarv - Diktardagar 2018\",\"isPartOf\":{\"@id\":\"https:\\\/\\\/diktardagar.no\\\/2018\\\/#website\"},\"primaryImageOfPage\":{\"@id\":\"https:\\\/\\\/diktardagar.no\\\/2018\\\/barn-i-lokal-songarv\\\/#primaryimage\"},\"image\":{\"@id\":\"https:\\\/\\\/diktardagar.no\\\/2018\\\/barn-i-lokal-songarv\\\/#primaryimage\"},\"thumbnailUrl\":\"https:\\\/\\\/diktardagar.no\\\/2018\\\/wp-content\\\/uploads\\\/sites\\\/8\\\/2018\\\/08\\\/Barn-i-lokal-songarv.jpg\",\"datePublished\":\"2018-08-21T05:34:39+00:00\",\"author\":{\"@id\":\"https:\\\/\\\/diktardagar.no\\\/2018\\\/#\\\/schema\\\/person\\\/5d9d1818ebebfe79b90b37ddc62a401a\"},\"breadcrumb\":{\"@id\":\"https:\\\/\\\/diktardagar.no\\\/2018\\\/barn-i-lokal-songarv\\\/#breadcrumb\"},\"inLanguage\":\"nb-NO\",\"potentialAction\":[{\"@type\":\"ReadAction\",\"target\":[\"https:\\\/\\\/diktardagar.no\\\/2018\\\/barn-i-lokal-songarv\\\/\"]}]},{\"@type\":\"ImageObject\",\"inLanguage\":\"nb-NO\",\"@id\":\"https:\\\/\\\/diktardagar.no\\\/2018\\\/barn-i-lokal-songarv\\\/#primaryimage\",\"url\":\"https:\\\/\\\/diktardagar.no\\\/2018\\\/wp-content\\\/uploads\\\/sites\\\/8\\\/2018\\\/08\\\/Barn-i-lokal-songarv.jpg\",\"contentUrl\":\"https:\\\/\\\/diktardagar.no\\\/2018\\\/wp-content\\\/uploads\\\/sites\\\/8\\\/2018\\\/08\\\/Barn-i-lokal-songarv.jpg\",\"width\":1920,\"height\":1581},{\"@type\":\"BreadcrumbList\",\"@id\":\"https:\\\/\\\/diktardagar.no\\\/2018\\\/barn-i-lokal-songarv\\\/#breadcrumb\",\"itemListElement\":[{\"@type\":\"ListItem\",\"position\":1,\"name\":\"Hjem\",\"item\":\"https:\\\/\\\/diktardagar.no\\\/2018\\\/\"},{\"@type\":\"ListItem\",\"position\":2,\"name\":\"Barn i lokal songarv\"}]},{\"@type\":\"WebSite\",\"@id\":\"https:\\\/\\\/diktardagar.no\\\/2018\\\/#website\",\"url\":\"https:\\\/\\\/diktardagar.no\\\/2018\\\/\",\"name\":\"Diktardagar 2018\",\"description\":\"\",\"potentialAction\":[{\"@type\":\"SearchAction\",\"target\":{\"@type\":\"EntryPoint\",\"urlTemplate\":\"https:\\\/\\\/diktardagar.no\\\/2018\\\/?s={search_term_string}\"},\"query-input\":{\"@type\":\"PropertyValueSpecification\",\"valueRequired\":true,\"valueName\":\"search_term_string\"}}],\"inLanguage\":\"nb-NO\"},{\"@type\":\"Person\",\"@id\":\"https:\\\/\\\/diktardagar.no\\\/2018\\\/#\\\/schema\\\/person\\\/5d9d1818ebebfe79b90b37ddc62a401a\",\"name\":\"Robert Strind\",\"image\":{\"@type\":\"ImageObject\",\"inLanguage\":\"nb-NO\",\"@id\":\"https:\\\/\\\/secure.gravatar.com\\\/avatar\\\/0340c8aae46c6b2721f2e86eec95f9569b9f21de1c7a48ba46b9bb7b00fb75b1?s=96&d=mm&r=g\",\"url\":\"https:\\\/\\\/secure.gravatar.com\\\/avatar\\\/0340c8aae46c6b2721f2e86eec95f9569b9f21de1c7a48ba46b9bb7b00fb75b1?s=96&d=mm&r=g\",\"contentUrl\":\"https:\\\/\\\/secure.gravatar.com\\\/avatar\\\/0340c8aae46c6b2721f2e86eec95f9569b9f21de1c7a48ba46b9bb7b00fb75b1?s=96&d=mm&r=g\",\"caption\":\"Robert Strind\"},\"sameAs\":[\"http:\\\/\\\/strind.no\"],\"url\":\"https:\\\/\\\/diktardagar.no\\\/2018\\\/author\\\/robert\\\/\"}]}<\/script>\n<!-- \/ Yoast SEO plugin. -->","yoast_head_json":{"title":"Barn i lokal songarv - Diktardagar 2018","robots":{"index":"index","follow":"follow","max-snippet":"max-snippet:-1","max-image-preview":"max-image-preview:large","max-video-preview":"max-video-preview:-1"},"canonical":"https:\/\/diktardagar.no\/2018\/barn-i-lokal-songarv\/","og_locale":"nb_NO","og_type":"article","og_title":"Barn i lokal songarv - Diktardagar 2018","og_description":"Prosjektet Barn i lokal songarv vil ogs\u00e5 i \u00e5r vera med i Diktardagar. Fredag 31. august vil det vera \"Diktardagarkonsertar\" p\u00e5 skulane i Lom, Skj\u00e5k og V\u00e5g\u00e5. I tillegg blir det konsert fore bebuarane p\u00e5 Skj\u00e5kheimen, V\u00e5g\u00e5heimen og Helseheimen i Lom. Som tidlegare \u00e5r, vil ei lita gruppe opne festkvelden i Utgard med \u00e5 synge nokre lokale sm\u00e5stubbar.","og_url":"https:\/\/diktardagar.no\/2018\/barn-i-lokal-songarv\/","og_site_name":"Diktardagar 2018","article_published_time":"2018-08-21T05:34:39+00:00","og_image":[{"width":1920,"height":1581,"url":"https:\/\/diktardagar.no\/2018\/wp-content\/uploads\/sites\/8\/2018\/08\/Barn-i-lokal-songarv.jpg","type":"image\/jpeg"}],"author":"Robert Strind","twitter_card":"summary_large_image","twitter_misc":{"Skrevet av":"Robert Strind","Ansl. lesetid":"1 minutt"},"schema":{"@context":"https:\/\/schema.org","@graph":[{"@type":"Article","@id":"https:\/\/diktardagar.no\/2018\/barn-i-lokal-songarv\/#article","isPartOf":{"@id":"https:\/\/diktardagar.no\/2018\/barn-i-lokal-songarv\/"},"author":{"name":"Robert Strind","@id":"https:\/\/diktardagar.no\/2018\/#\/schema\/person\/5d9d1818ebebfe79b90b37ddc62a401a"},"headline":"Barn i lokal songarv","datePublished":"2018-08-21T05:34:39+00:00","mainEntityOfPage":{"@id":"https:\/\/diktardagar.no\/2018\/barn-i-lokal-songarv\/"},"wordCount":144,"image":{"@id":"https:\/\/diktardagar.no\/2018\/barn-i-lokal-songarv\/#primaryimage"},"thumbnailUrl":"https:\/\/diktardagar.no\/2018\/wp-content\/uploads\/sites\/8\/2018\/08\/Barn-i-lokal-songarv.jpg","articleSection":["Nyheter","Nyheter 2018"],"inLanguage":"nb-NO"},{"@type":"WebPage","@id":"https:\/\/diktardagar.no\/2018\/barn-i-lokal-songarv\/","url":"https:\/\/diktardagar.no\/2018\/barn-i-lokal-songarv\/","name":"Barn i lokal songarv - Diktardagar 2018","isPartOf":{"@id":"https:\/\/diktardagar.no\/2018\/#website"},"primaryImageOfPage":{"@id":"https:\/\/diktardagar.no\/2018\/barn-i-lokal-songarv\/#primaryimage"},"image":{"@id":"https:\/\/diktardagar.no\/2018\/barn-i-lokal-songarv\/#primaryimage"},"thumbnailUrl":"https:\/\/diktardagar.no\/2018\/wp-content\/uploads\/sites\/8\/2018\/08\/Barn-i-lokal-songarv.jpg","datePublished":"2018-08-21T05:34:39+00:00","author":{"@id":"https:\/\/diktardagar.no\/2018\/#\/schema\/person\/5d9d1818ebebfe79b90b37ddc62a401a"},"breadcrumb":{"@id":"https:\/\/diktardagar.no\/2018\/barn-i-lokal-songarv\/#breadcrumb"},"inLanguage":"nb-NO","potentialAction":[{"@type":"ReadAction","target":["https:\/\/diktardagar.no\/2018\/barn-i-lokal-songarv\/"]}]},{"@type":"ImageObject","inLanguage":"nb-NO","@id":"https:\/\/diktardagar.no\/2018\/barn-i-lokal-songarv\/#primaryimage","url":"https:\/\/diktardagar.no\/2018\/wp-content\/uploads\/sites\/8\/2018\/08\/Barn-i-lokal-songarv.jpg","contentUrl":"https:\/\/diktardagar.no\/2018\/wp-content\/uploads\/sites\/8\/2018\/08\/Barn-i-lokal-songarv.jpg","width":1920,"height":1581},{"@type":"BreadcrumbList","@id":"https:\/\/diktardagar.no\/2018\/barn-i-lokal-songarv\/#breadcrumb","itemListElement":[{"@type":"ListItem","position":1,"name":"Hjem","item":"https:\/\/diktardagar.no\/2018\/"},{"@type":"ListItem","position":2,"name":"Barn i lokal songarv"}]},{"@type":"WebSite","@id":"https:\/\/diktardagar.no\/2018\/#website","url":"https:\/\/diktardagar.no\/2018\/","name":"Diktardagar 2018","description":"","potentialAction":[{"@type":"SearchAction","target":{"@type":"EntryPoint","urlTemplate":"https:\/\/diktardagar.no\/2018\/?s={search_term_string}"},"query-input":{"@type":"PropertyValueSpecification","valueRequired":true,"valueName":"search_term_string"}}],"inLanguage":"nb-NO"},{"@type":"Person","@id":"https:\/\/diktardagar.no\/2018\/#\/schema\/person\/5d9d1818ebebfe79b90b37ddc62a401a","name":"Robert Strind","image":{"@type":"ImageObject","inLanguage":"nb-NO","@id":"https:\/\/secure.gravatar.com\/avatar\/0340c8aae46c6b2721f2e86eec95f9569b9f21de1c7a48ba46b9bb7b00fb75b1?s=96&d=mm&r=g","url":"https:\/\/secure.gravatar.com\/avatar\/0340c8aae46c6b2721f2e86eec95f9569b9f21de1c7a48ba46b9bb7b00fb75b1?s=96&d=mm&r=g","contentUrl":"https:\/\/secure.gravatar.com\/avatar\/0340c8aae46c6b2721f2e86eec95f9569b9f21de1c7a48ba46b9bb7b00fb75b1?s=96&d=mm&r=g","caption":"Robert Strind"},"sameAs":["http:\/\/strind.no"],"url":"https:\/\/diktardagar.no\/2018\/author\/robert\/"}]}},"_links":{"self":[{"href":"https:\/\/diktardagar.no\/2018\/wp-json\/wp\/v2\/posts\/2553","targetHints":{"allow":["GET"]}}],"collection":[{"href":"https:\/\/diktardagar.no\/2018\/wp-json\/wp\/v2\/posts"}],"about":[{"href":"https:\/\/diktardagar.no\/2018\/wp-json\/wp\/v2\/types\/post"}],"author":[{"embeddable":true,"href":"https:\/\/diktardagar.no\/2018\/wp-json\/wp\/v2\/users\/10"}],"replies":[{"embeddable":true,"href":"https:\/\/diktardagar.no\/2018\/wp-json\/wp\/v2\/comments?post=2553"}],"version-history":[{"count":2,"href":"https:\/\/diktardagar.no\/2018\/wp-json\/wp\/v2\/posts\/2553\/revisions"}],"predecessor-version":[{"id":2557,"href":"https:\/\/diktardagar.no\/2018\/wp-json\/wp\/v2\/posts\/2553\/revisions\/2557"}],"wp:featuredmedia":[{"embeddable":true,"href":"https:\/\/diktardagar.no\/2018\/wp-json\/wp\/v2\/media\/2554"}],"wp:attachment":[{"href":"https:\/\/diktardagar.no\/2018\/wp-json\/wp\/v2\/media?parent=2553"}],"wp:term":[{"taxonomy":"category","embeddable":true,"href":"https:\/\/diktardagar.no\/2018\/wp-json\/wp\/v2\/categories?post=2553"},{"taxonomy":"post_tag","embeddable":true,"href":"https:\/\/diktardagar.no\/2018\/wp-json\/wp\/v2\/tags?post=2553"}],"curies":[{"name":"wp","href":"https:\/\/api.w.org\/{rel}","templated":true}]}}