{"id":2266,"date":"2017-08-24T13:44:26","date_gmt":"2017-08-24T11:44:26","guid":{"rendered":"https:\/\/diktardagar.no\/2017\/?p=2266"},"modified":"2017-08-24T13:51:33","modified_gmt":"2017-08-24T11:51:33","slug":"diktardagarmiddag-vera-henriksen-tur-pameldingsfrist-25-august","status":"publish","type":"post","link":"https:\/\/diktardagar.no\/2017\/diktardagarmiddag-vera-henriksen-tur-pameldingsfrist-25-august\/","title":{"rendered":"Frist for p\u00e5melding 25. aug. Diktardagarmiddag og Vera Henriksen-utflukt"},"content":{"rendered":"<p><strong>25. august kl. 16.00<\/strong> er frist for p\u00e5melding til Diktardagarmiddagen p\u00e5 Fossheim fredag og utflukta i Vera Henriksens og Bent Jonssons rike i B\u00f8verdalen sundag.<\/p>\n<p><img loading=\"lazy\" decoding=\"async\" class=\"alignright size-medium wp-image-1874\" src=\"https:\/\/diktardagar.no\/2017\/wp-content\/uploads\/sites\/9\/2017\/01\/Henriksen-Vera_web1-300x201.jpg\" alt=\"\" width=\"300\" height=\"201\" srcset=\"https:\/\/diktardagar.no\/2017\/wp-content\/uploads\/sites\/9\/2017\/01\/Henriksen-Vera_web1-300x201.jpg 300w, https:\/\/diktardagar.no\/2017\/wp-content\/uploads\/sites\/9\/2017\/01\/Henriksen-Vera_web1-768x514.jpg 768w, https:\/\/diktardagar.no\/2017\/wp-content\/uploads\/sites\/9\/2017\/01\/Henriksen-Vera_web1-1024x686.jpg 1024w, https:\/\/diktardagar.no\/2017\/wp-content\/uploads\/sites\/9\/2017\/01\/Henriksen-Vera_web1-1080x723.jpg 1080w, https:\/\/diktardagar.no\/2017\/wp-content\/uploads\/sites\/9\/2017\/01\/Henriksen-Vera_web1.jpg 1181w\" sizes=\"auto, (max-width: 300px) 100vw, 300px\" \/><\/p>\n<p><a href=\"https:\/\/diktardagar.no\/2017\/events\/diktardagarmiddag-2\/\">Diktardagarmiddag<\/a><a href=\"https:\/\/diktardagar.no\/2017\/events\/vera-henriksen\/\"><br \/>\nVera Henriksen-utflukt<\/a><\/p>\n<p>&nbsp;<\/p>\n","protected":false},"excerpt":{"rendered":"<p>25. august kl. 16.00 er frist for p\u00e5melding til Diktardagarmiddagen p\u00e5 Fossheim fredag og utflukta i Vera Henriksens og Bent Jonssons rike i B\u00f8verdalen sundag. Diktardagarmiddag Vera Henriksen-utflukt &nbsp;<\/p>\n","protected":false},"author":9,"featured_media":2267,"comment_status":"closed","ping_status":"open","sticky":false,"template":"","format":"standard","meta":{"footnotes":""},"categories":[6,10],"tags":[],"class_list":["post-2266","post","type-post","status-publish","format-standard","has-post-thumbnail","hentry","category-nyheter","category-nyheter2017"],"yoast_head":"<!-- This site is optimized with the Yoast SEO plugin v27.5 - https:\/\/yoast.com\/product\/yoast-seo-wordpress\/ -->\n<title>Frist for p\u00e5melding 25. aug. Diktardagarmiddag og Vera Henriksen-utflukt - Diktardagar 2017<\/title>\n<meta name=\"robots\" content=\"index, follow, max-snippet:-1, max-image-preview:large, max-video-preview:-1\" \/>\n<link rel=\"canonical\" href=\"https:\/\/diktardagar.no\/2017\/diktardagarmiddag-vera-henriksen-tur-pameldingsfrist-25-august\/\" class=\"yoast-seo-meta-tag\" \/>\n<meta property=\"og:locale\" content=\"nb_NO\" class=\"yoast-seo-meta-tag\" \/>\n<meta property=\"og:type\" content=\"article\" class=\"yoast-seo-meta-tag\" \/>\n<meta property=\"og:title\" content=\"Frist for p\u00e5melding 25. aug. Diktardagarmiddag og Vera Henriksen-utflukt - Diktardagar 2017\" class=\"yoast-seo-meta-tag\" \/>\n<meta property=\"og:description\" content=\"25. august kl. 16.00 er frist for p\u00e5melding til Diktardagarmiddagen p\u00e5 Fossheim fredag og utflukta i Vera Henriksens og Bent Jonssons rike i B\u00f8verdalen sundag. Diktardagarmiddag Vera Henriksen-utflukt &nbsp;\" class=\"yoast-seo-meta-tag\" \/>\n<meta property=\"og:url\" content=\"https:\/\/diktardagar.no\/2017\/diktardagarmiddag-vera-henriksen-tur-pameldingsfrist-25-august\/\" class=\"yoast-seo-meta-tag\" \/>\n<meta property=\"og:site_name\" content=\"Diktardagar 2017\" class=\"yoast-seo-meta-tag\" \/>\n<meta property=\"article:published_time\" content=\"2017-08-24T11:44:26+00:00\" class=\"yoast-seo-meta-tag\" \/>\n<meta property=\"article:modified_time\" content=\"2017-08-24T11:51:33+00:00\" class=\"yoast-seo-meta-tag\" \/>\n<meta property=\"og:image\" content=\"https:\/\/diktardagar.no\/2017\/wp-content\/uploads\/sites\/9\/2017\/08\/Untitled-design-1.jpg\" class=\"yoast-seo-meta-tag\" \/>\n\t<meta property=\"og:image:width\" content=\"1024\" class=\"yoast-seo-meta-tag\" \/>\n\t<meta property=\"og:image:height\" content=\"768\" class=\"yoast-seo-meta-tag\" \/>\n\t<meta property=\"og:image:type\" content=\"image\/jpeg\" class=\"yoast-seo-meta-tag\" \/>\n<meta name=\"author\" content=\"Rita Mundal\" class=\"yoast-seo-meta-tag\" \/>\n<meta name=\"twitter:card\" content=\"summary_large_image\" class=\"yoast-seo-meta-tag\" \/>\n<meta name=\"twitter:label1\" content=\"Skrevet av\" class=\"yoast-seo-meta-tag\" \/>\n\t<meta name=\"twitter:data1\" content=\"Rita Mundal\" class=\"yoast-seo-meta-tag\" \/>\n<script type=\"application\/ld+json\" class=\"yoast-schema-graph\">{\"@context\":\"https:\\\/\\\/schema.org\",\"@graph\":[{\"@type\":\"Article\",\"@id\":\"https:\\\/\\\/diktardagar.no\\\/2017\\\/diktardagarmiddag-vera-henriksen-tur-pameldingsfrist-25-august\\\/#article\",\"isPartOf\":{\"@id\":\"https:\\\/\\\/diktardagar.no\\\/2017\\\/diktardagarmiddag-vera-henriksen-tur-pameldingsfrist-25-august\\\/\"},\"author\":{\"name\":\"Rita Mundal\",\"@id\":\"https:\\\/\\\/diktardagar.no\\\/2017\\\/#\\\/schema\\\/person\\\/7fb47f233ba95e2647bcb7272f62fb8d\"},\"headline\":\"Frist for p\u00e5melding 25. aug. Diktardagarmiddag og Vera Henriksen-utflukt\",\"datePublished\":\"2017-08-24T11:44:26+00:00\",\"dateModified\":\"2017-08-24T11:51:33+00:00\",\"mainEntityOfPage\":{\"@id\":\"https:\\\/\\\/diktardagar.no\\\/2017\\\/diktardagarmiddag-vera-henriksen-tur-pameldingsfrist-25-august\\\/\"},\"wordCount\":38,\"image\":{\"@id\":\"https:\\\/\\\/diktardagar.no\\\/2017\\\/diktardagarmiddag-vera-henriksen-tur-pameldingsfrist-25-august\\\/#primaryimage\"},\"thumbnailUrl\":\"https:\\\/\\\/diktardagar.no\\\/2017\\\/wp-content\\\/uploads\\\/sites\\\/9\\\/2017\\\/08\\\/Untitled-design-1.jpg\",\"articleSection\":[\"Nyheter\",\"Nyheter 2017\"],\"inLanguage\":\"nb-NO\"},{\"@type\":\"WebPage\",\"@id\":\"https:\\\/\\\/diktardagar.no\\\/2017\\\/diktardagarmiddag-vera-henriksen-tur-pameldingsfrist-25-august\\\/\",\"url\":\"https:\\\/\\\/diktardagar.no\\\/2017\\\/diktardagarmiddag-vera-henriksen-tur-pameldingsfrist-25-august\\\/\",\"name\":\"Frist for p\u00e5melding 25. aug. Diktardagarmiddag og Vera Henriksen-utflukt - Diktardagar 2017\",\"isPartOf\":{\"@id\":\"https:\\\/\\\/diktardagar.no\\\/2017\\\/#website\"},\"primaryImageOfPage\":{\"@id\":\"https:\\\/\\\/diktardagar.no\\\/2017\\\/diktardagarmiddag-vera-henriksen-tur-pameldingsfrist-25-august\\\/#primaryimage\"},\"image\":{\"@id\":\"https:\\\/\\\/diktardagar.no\\\/2017\\\/diktardagarmiddag-vera-henriksen-tur-pameldingsfrist-25-august\\\/#primaryimage\"},\"thumbnailUrl\":\"https:\\\/\\\/diktardagar.no\\\/2017\\\/wp-content\\\/uploads\\\/sites\\\/9\\\/2017\\\/08\\\/Untitled-design-1.jpg\",\"datePublished\":\"2017-08-24T11:44:26+00:00\",\"dateModified\":\"2017-08-24T11:51:33+00:00\",\"author\":{\"@id\":\"https:\\\/\\\/diktardagar.no\\\/2017\\\/#\\\/schema\\\/person\\\/7fb47f233ba95e2647bcb7272f62fb8d\"},\"breadcrumb\":{\"@id\":\"https:\\\/\\\/diktardagar.no\\\/2017\\\/diktardagarmiddag-vera-henriksen-tur-pameldingsfrist-25-august\\\/#breadcrumb\"},\"inLanguage\":\"nb-NO\",\"potentialAction\":[{\"@type\":\"ReadAction\",\"target\":[\"https:\\\/\\\/diktardagar.no\\\/2017\\\/diktardagarmiddag-vera-henriksen-tur-pameldingsfrist-25-august\\\/\"]}]},{\"@type\":\"ImageObject\",\"inLanguage\":\"nb-NO\",\"@id\":\"https:\\\/\\\/diktardagar.no\\\/2017\\\/diktardagarmiddag-vera-henriksen-tur-pameldingsfrist-25-august\\\/#primaryimage\",\"url\":\"https:\\\/\\\/diktardagar.no\\\/2017\\\/wp-content\\\/uploads\\\/sites\\\/9\\\/2017\\\/08\\\/Untitled-design-1.jpg\",\"contentUrl\":\"https:\\\/\\\/diktardagar.no\\\/2017\\\/wp-content\\\/uploads\\\/sites\\\/9\\\/2017\\\/08\\\/Untitled-design-1.jpg\",\"width\":1024,\"height\":768},{\"@type\":\"BreadcrumbList\",\"@id\":\"https:\\\/\\\/diktardagar.no\\\/2017\\\/diktardagarmiddag-vera-henriksen-tur-pameldingsfrist-25-august\\\/#breadcrumb\",\"itemListElement\":[{\"@type\":\"ListItem\",\"position\":1,\"name\":\"Hjem\",\"item\":\"https:\\\/\\\/diktardagar.no\\\/2017\\\/\"},{\"@type\":\"ListItem\",\"position\":2,\"name\":\"Frist for p\u00e5melding 25. aug. Diktardagarmiddag og Vera Henriksen-utflukt\"}]},{\"@type\":\"WebSite\",\"@id\":\"https:\\\/\\\/diktardagar.no\\\/2017\\\/#website\",\"url\":\"https:\\\/\\\/diktardagar.no\\\/2017\\\/\",\"name\":\"Diktardagar 2017\",\"description\":\"\",\"potentialAction\":[{\"@type\":\"SearchAction\",\"target\":{\"@type\":\"EntryPoint\",\"urlTemplate\":\"https:\\\/\\\/diktardagar.no\\\/2017\\\/?s={search_term_string}\"},\"query-input\":{\"@type\":\"PropertyValueSpecification\",\"valueRequired\":true,\"valueName\":\"search_term_string\"}}],\"inLanguage\":\"nb-NO\"},{\"@type\":\"Person\",\"@id\":\"https:\\\/\\\/diktardagar.no\\\/2017\\\/#\\\/schema\\\/person\\\/7fb47f233ba95e2647bcb7272f62fb8d\",\"name\":\"Rita Mundal\",\"image\":{\"@type\":\"ImageObject\",\"inLanguage\":\"nb-NO\",\"@id\":\"https:\\\/\\\/secure.gravatar.com\\\/avatar\\\/228396b8b9e76ae3583b1bccf5409689b305059981e143d0929be483a9a2767b?s=96&d=mm&r=g\",\"url\":\"https:\\\/\\\/secure.gravatar.com\\\/avatar\\\/228396b8b9e76ae3583b1bccf5409689b305059981e143d0929be483a9a2767b?s=96&d=mm&r=g\",\"contentUrl\":\"https:\\\/\\\/secure.gravatar.com\\\/avatar\\\/228396b8b9e76ae3583b1bccf5409689b305059981e143d0929be483a9a2767b?s=96&d=mm&r=g\",\"caption\":\"Rita Mundal\"},\"sameAs\":[\"http:\\\/\\\/www.lom.kommune.no\"],\"url\":\"https:\\\/\\\/diktardagar.no\\\/2017\\\/author\\\/rita\\\/\"}]}<\/script>\n<!-- \/ Yoast SEO plugin. -->","yoast_head_json":{"title":"Frist for p\u00e5melding 25. aug. Diktardagarmiddag og Vera Henriksen-utflukt - Diktardagar 2017","robots":{"index":"index","follow":"follow","max-snippet":"max-snippet:-1","max-image-preview":"max-image-preview:large","max-video-preview":"max-video-preview:-1"},"canonical":"https:\/\/diktardagar.no\/2017\/diktardagarmiddag-vera-henriksen-tur-pameldingsfrist-25-august\/","og_locale":"nb_NO","og_type":"article","og_title":"Frist for p\u00e5melding 25. aug. Diktardagarmiddag og Vera Henriksen-utflukt - Diktardagar 2017","og_description":"25. august kl. 16.00 er frist for p\u00e5melding til Diktardagarmiddagen p\u00e5 Fossheim fredag og utflukta i Vera Henriksens og Bent Jonssons rike i B\u00f8verdalen sundag. Diktardagarmiddag Vera Henriksen-utflukt &nbsp;","og_url":"https:\/\/diktardagar.no\/2017\/diktardagarmiddag-vera-henriksen-tur-pameldingsfrist-25-august\/","og_site_name":"Diktardagar 2017","article_published_time":"2017-08-24T11:44:26+00:00","article_modified_time":"2017-08-24T11:51:33+00:00","og_image":[{"width":1024,"height":768,"url":"https:\/\/diktardagar.no\/2017\/wp-content\/uploads\/sites\/9\/2017\/08\/Untitled-design-1.jpg","type":"image\/jpeg"}],"author":"Rita Mundal","twitter_card":"summary_large_image","twitter_misc":{"Skrevet av":"Rita Mundal"},"schema":{"@context":"https:\/\/schema.org","@graph":[{"@type":"Article","@id":"https:\/\/diktardagar.no\/2017\/diktardagarmiddag-vera-henriksen-tur-pameldingsfrist-25-august\/#article","isPartOf":{"@id":"https:\/\/diktardagar.no\/2017\/diktardagarmiddag-vera-henriksen-tur-pameldingsfrist-25-august\/"},"author":{"name":"Rita Mundal","@id":"https:\/\/diktardagar.no\/2017\/#\/schema\/person\/7fb47f233ba95e2647bcb7272f62fb8d"},"headline":"Frist for p\u00e5melding 25. aug. Diktardagarmiddag og Vera Henriksen-utflukt","datePublished":"2017-08-24T11:44:26+00:00","dateModified":"2017-08-24T11:51:33+00:00","mainEntityOfPage":{"@id":"https:\/\/diktardagar.no\/2017\/diktardagarmiddag-vera-henriksen-tur-pameldingsfrist-25-august\/"},"wordCount":38,"image":{"@id":"https:\/\/diktardagar.no\/2017\/diktardagarmiddag-vera-henriksen-tur-pameldingsfrist-25-august\/#primaryimage"},"thumbnailUrl":"https:\/\/diktardagar.no\/2017\/wp-content\/uploads\/sites\/9\/2017\/08\/Untitled-design-1.jpg","articleSection":["Nyheter","Nyheter 2017"],"inLanguage":"nb-NO"},{"@type":"WebPage","@id":"https:\/\/diktardagar.no\/2017\/diktardagarmiddag-vera-henriksen-tur-pameldingsfrist-25-august\/","url":"https:\/\/diktardagar.no\/2017\/diktardagarmiddag-vera-henriksen-tur-pameldingsfrist-25-august\/","name":"Frist for p\u00e5melding 25. aug. Diktardagarmiddag og Vera Henriksen-utflukt - Diktardagar 2017","isPartOf":{"@id":"https:\/\/diktardagar.no\/2017\/#website"},"primaryImageOfPage":{"@id":"https:\/\/diktardagar.no\/2017\/diktardagarmiddag-vera-henriksen-tur-pameldingsfrist-25-august\/#primaryimage"},"image":{"@id":"https:\/\/diktardagar.no\/2017\/diktardagarmiddag-vera-henriksen-tur-pameldingsfrist-25-august\/#primaryimage"},"thumbnailUrl":"https:\/\/diktardagar.no\/2017\/wp-content\/uploads\/sites\/9\/2017\/08\/Untitled-design-1.jpg","datePublished":"2017-08-24T11:44:26+00:00","dateModified":"2017-08-24T11:51:33+00:00","author":{"@id":"https:\/\/diktardagar.no\/2017\/#\/schema\/person\/7fb47f233ba95e2647bcb7272f62fb8d"},"breadcrumb":{"@id":"https:\/\/diktardagar.no\/2017\/diktardagarmiddag-vera-henriksen-tur-pameldingsfrist-25-august\/#breadcrumb"},"inLanguage":"nb-NO","potentialAction":[{"@type":"ReadAction","target":["https:\/\/diktardagar.no\/2017\/diktardagarmiddag-vera-henriksen-tur-pameldingsfrist-25-august\/"]}]},{"@type":"ImageObject","inLanguage":"nb-NO","@id":"https:\/\/diktardagar.no\/2017\/diktardagarmiddag-vera-henriksen-tur-pameldingsfrist-25-august\/#primaryimage","url":"https:\/\/diktardagar.no\/2017\/wp-content\/uploads\/sites\/9\/2017\/08\/Untitled-design-1.jpg","contentUrl":"https:\/\/diktardagar.no\/2017\/wp-content\/uploads\/sites\/9\/2017\/08\/Untitled-design-1.jpg","width":1024,"height":768},{"@type":"BreadcrumbList","@id":"https:\/\/diktardagar.no\/2017\/diktardagarmiddag-vera-henriksen-tur-pameldingsfrist-25-august\/#breadcrumb","itemListElement":[{"@type":"ListItem","position":1,"name":"Hjem","item":"https:\/\/diktardagar.no\/2017\/"},{"@type":"ListItem","position":2,"name":"Frist for p\u00e5melding 25. aug. Diktardagarmiddag og Vera Henriksen-utflukt"}]},{"@type":"WebSite","@id":"https:\/\/diktardagar.no\/2017\/#website","url":"https:\/\/diktardagar.no\/2017\/","name":"Diktardagar 2017","description":"","potentialAction":[{"@type":"SearchAction","target":{"@type":"EntryPoint","urlTemplate":"https:\/\/diktardagar.no\/2017\/?s={search_term_string}"},"query-input":{"@type":"PropertyValueSpecification","valueRequired":true,"valueName":"search_term_string"}}],"inLanguage":"nb-NO"},{"@type":"Person","@id":"https:\/\/diktardagar.no\/2017\/#\/schema\/person\/7fb47f233ba95e2647bcb7272f62fb8d","name":"Rita Mundal","image":{"@type":"ImageObject","inLanguage":"nb-NO","@id":"https:\/\/secure.gravatar.com\/avatar\/228396b8b9e76ae3583b1bccf5409689b305059981e143d0929be483a9a2767b?s=96&d=mm&r=g","url":"https:\/\/secure.gravatar.com\/avatar\/228396b8b9e76ae3583b1bccf5409689b305059981e143d0929be483a9a2767b?s=96&d=mm&r=g","contentUrl":"https:\/\/secure.gravatar.com\/avatar\/228396b8b9e76ae3583b1bccf5409689b305059981e143d0929be483a9a2767b?s=96&d=mm&r=g","caption":"Rita Mundal"},"sameAs":["http:\/\/www.lom.kommune.no"],"url":"https:\/\/diktardagar.no\/2017\/author\/rita\/"}]}},"_links":{"self":[{"href":"https:\/\/diktardagar.no\/2017\/wp-json\/wp\/v2\/posts\/2266","targetHints":{"allow":["GET"]}}],"collection":[{"href":"https:\/\/diktardagar.no\/2017\/wp-json\/wp\/v2\/posts"}],"about":[{"href":"https:\/\/diktardagar.no\/2017\/wp-json\/wp\/v2\/types\/post"}],"author":[{"embeddable":true,"href":"https:\/\/diktardagar.no\/2017\/wp-json\/wp\/v2\/users\/9"}],"replies":[{"embeddable":true,"href":"https:\/\/diktardagar.no\/2017\/wp-json\/wp\/v2\/comments?post=2266"}],"version-history":[{"count":7,"href":"https:\/\/diktardagar.no\/2017\/wp-json\/wp\/v2\/posts\/2266\/revisions"}],"predecessor-version":[{"id":2274,"href":"https:\/\/diktardagar.no\/2017\/wp-json\/wp\/v2\/posts\/2266\/revisions\/2274"}],"wp:featuredmedia":[{"embeddable":true,"href":"https:\/\/diktardagar.no\/2017\/wp-json\/wp\/v2\/media\/2267"}],"wp:attachment":[{"href":"https:\/\/diktardagar.no\/2017\/wp-json\/wp\/v2\/media?parent=2266"}],"wp:term":[{"taxonomy":"category","embeddable":true,"href":"https:\/\/diktardagar.no\/2017\/wp-json\/wp\/v2\/categories?post=2266"},{"taxonomy":"post_tag","embeddable":true,"href":"https:\/\/diktardagar.no\/2017\/wp-json\/wp\/v2\/tags?post=2266"}],"curies":[{"name":"wp","href":"https:\/\/api.w.org\/{rel}","templated":true}]}}