{"id":1258,"date":"2016-05-27T11:35:17","date_gmt":"2016-05-27T09:35:17","guid":{"rendered":"https:\/\/diktardagar.no\/2016\/?p=1258"},"modified":"2017-01-09T21:36:31","modified_gmt":"2017-01-09T20:36:31","slug":"vellykka-opning-tor-jonsson-aret-lom","status":"publish","type":"post","link":"https:\/\/diktardagar.no\/2016\/vellykka-opning-tor-jonsson-aret-lom\/","title":{"rendered":"Vellykka opningsprogram for Tor Jonsson-\u00e5ret i Lom"},"content":{"rendered":"<p>Diktardagar gratulerer Tor Jonssonlaget og Lom kommune med eit s\u00e6rs godt program laurdag 21. mai!\u00a0 Konserten i Utgard med Tor Jonssons band var ei stor oppleving med nye tonar til dikt av Tor Jonsson. B\u00e5de musikk- og vokal presentasjon var av h\u00f8g klasse. Kombinasjonen av lokale og nasjonale akt\u00f8rar er bra, og gledeleg var det at yngre songarar fekk sleppe til. Diktlesinga til Sigmund Br\u00e5tet og innslaget til Lom spel- og dansarlag gjorde det heile til ei stor oppleving for ein fullsett sal.<\/p>\n<p>&nbsp;<\/p>\n","protected":false},"excerpt":{"rendered":"<p>Diktardagar gratulerer Tor Jonssonlaget og Lom kommune med eit s\u00e6rs godt program laurdag 21. mai!\u00a0 Konserten i Utgard med Tor Jonssons band var ei stor oppleving med nye tonar til dikt av Tor Jonsson. B\u00e5de musikk- og vokal presentasjon var av h\u00f8g klasse. Kombinasjonen av lokale og nasjonale akt\u00f8rar er bra, og gledeleg var det&hellip;<\/p>\n","protected":false},"author":3,"featured_media":0,"comment_status":"closed","ping_status":"open","sticky":false,"template":"","format":"standard","meta":{"footnotes":""},"categories":[9],"tags":[],"class_list":["post-1258","post","type-post","status-publish","format-standard","hentry","category-nyheter2016"],"yoast_head":"<!-- This site is optimized with the Yoast SEO plugin v27.5 - https:\/\/yoast.com\/product\/yoast-seo-wordpress\/ -->\n<title>Vellykka opningsprogram for Tor Jonsson-\u00e5ret i Lom - Diktardagar 2016<\/title>\n<meta name=\"robots\" content=\"index, follow, max-snippet:-1, max-image-preview:large, max-video-preview:-1\" \/>\n<link rel=\"canonical\" href=\"https:\/\/diktardagar.no\/2016\/vellykka-opning-tor-jonsson-aret-lom\/\" class=\"yoast-seo-meta-tag\" \/>\n<meta property=\"og:locale\" content=\"nb_NO\" class=\"yoast-seo-meta-tag\" \/>\n<meta property=\"og:type\" content=\"article\" class=\"yoast-seo-meta-tag\" \/>\n<meta property=\"og:title\" content=\"Vellykka opningsprogram for Tor Jonsson-\u00e5ret i Lom - Diktardagar 2016\" class=\"yoast-seo-meta-tag\" \/>\n<meta property=\"og:description\" content=\"Diktardagar gratulerer Tor Jonssonlaget og Lom kommune med eit s\u00e6rs godt program laurdag 21. mai!\u00a0 Konserten i Utgard med Tor Jonssons band var ei stor oppleving med nye tonar til dikt av Tor Jonsson. B\u00e5de musikk- og vokal presentasjon var av h\u00f8g klasse. Kombinasjonen av lokale og nasjonale akt\u00f8rar er bra, og gledeleg var det&hellip;\" class=\"yoast-seo-meta-tag\" \/>\n<meta property=\"og:url\" content=\"https:\/\/diktardagar.no\/2016\/vellykka-opning-tor-jonsson-aret-lom\/\" class=\"yoast-seo-meta-tag\" \/>\n<meta property=\"og:site_name\" content=\"Diktardagar 2016\" class=\"yoast-seo-meta-tag\" \/>\n<meta property=\"article:published_time\" content=\"2016-05-27T09:35:17+00:00\" class=\"yoast-seo-meta-tag\" \/>\n<meta property=\"article:modified_time\" content=\"2017-01-09T20:36:31+00:00\" class=\"yoast-seo-meta-tag\" \/>\n<meta name=\"author\" content=\"Torunn Kj\u00f8k\" class=\"yoast-seo-meta-tag\" \/>\n<meta name=\"twitter:card\" content=\"summary_large_image\" class=\"yoast-seo-meta-tag\" \/>\n<meta name=\"twitter:label1\" content=\"Skrevet av\" class=\"yoast-seo-meta-tag\" \/>\n\t<meta name=\"twitter:data1\" content=\"Torunn Kj\u00f8k\" class=\"yoast-seo-meta-tag\" \/>\n<script type=\"application\/ld+json\" class=\"yoast-schema-graph\">{\"@context\":\"https:\\\/\\\/schema.org\",\"@graph\":[{\"@type\":\"Article\",\"@id\":\"https:\\\/\\\/diktardagar.no\\\/2016\\\/vellykka-opning-tor-jonsson-aret-lom\\\/#article\",\"isPartOf\":{\"@id\":\"https:\\\/\\\/diktardagar.no\\\/2016\\\/vellykka-opning-tor-jonsson-aret-lom\\\/\"},\"author\":{\"name\":\"Torunn Kj\u00f8k\",\"@id\":\"https:\\\/\\\/diktardagar.no\\\/2016\\\/#\\\/schema\\\/person\\\/0b47960f7e0dcddc8bbf768f1d9e1084\"},\"headline\":\"Vellykka opningsprogram for Tor Jonsson-\u00e5ret i Lom\",\"datePublished\":\"2016-05-27T09:35:17+00:00\",\"dateModified\":\"2017-01-09T20:36:31+00:00\",\"mainEntityOfPage\":{\"@id\":\"https:\\\/\\\/diktardagar.no\\\/2016\\\/vellykka-opning-tor-jonsson-aret-lom\\\/\"},\"wordCount\":96,\"articleSection\":[\"Nyheter 2016\"],\"inLanguage\":\"nb-NO\"},{\"@type\":\"WebPage\",\"@id\":\"https:\\\/\\\/diktardagar.no\\\/2016\\\/vellykka-opning-tor-jonsson-aret-lom\\\/\",\"url\":\"https:\\\/\\\/diktardagar.no\\\/2016\\\/vellykka-opning-tor-jonsson-aret-lom\\\/\",\"name\":\"Vellykka opningsprogram for Tor Jonsson-\u00e5ret i Lom - Diktardagar 2016\",\"isPartOf\":{\"@id\":\"https:\\\/\\\/diktardagar.no\\\/2016\\\/#website\"},\"datePublished\":\"2016-05-27T09:35:17+00:00\",\"dateModified\":\"2017-01-09T20:36:31+00:00\",\"author\":{\"@id\":\"https:\\\/\\\/diktardagar.no\\\/2016\\\/#\\\/schema\\\/person\\\/0b47960f7e0dcddc8bbf768f1d9e1084\"},\"breadcrumb\":{\"@id\":\"https:\\\/\\\/diktardagar.no\\\/2016\\\/vellykka-opning-tor-jonsson-aret-lom\\\/#breadcrumb\"},\"inLanguage\":\"nb-NO\",\"potentialAction\":[{\"@type\":\"ReadAction\",\"target\":[\"https:\\\/\\\/diktardagar.no\\\/2016\\\/vellykka-opning-tor-jonsson-aret-lom\\\/\"]}]},{\"@type\":\"BreadcrumbList\",\"@id\":\"https:\\\/\\\/diktardagar.no\\\/2016\\\/vellykka-opning-tor-jonsson-aret-lom\\\/#breadcrumb\",\"itemListElement\":[{\"@type\":\"ListItem\",\"position\":1,\"name\":\"Hjem\",\"item\":\"https:\\\/\\\/diktardagar.no\\\/2016\\\/\"},{\"@type\":\"ListItem\",\"position\":2,\"name\":\"Vellykka opningsprogram for Tor Jonsson-\u00e5ret i Lom\"}]},{\"@type\":\"WebSite\",\"@id\":\"https:\\\/\\\/diktardagar.no\\\/2016\\\/#website\",\"url\":\"https:\\\/\\\/diktardagar.no\\\/2016\\\/\",\"name\":\"Diktardagar 2016\",\"description\":\"\",\"potentialAction\":[{\"@type\":\"SearchAction\",\"target\":{\"@type\":\"EntryPoint\",\"urlTemplate\":\"https:\\\/\\\/diktardagar.no\\\/2016\\\/?s={search_term_string}\"},\"query-input\":{\"@type\":\"PropertyValueSpecification\",\"valueRequired\":true,\"valueName\":\"search_term_string\"}}],\"inLanguage\":\"nb-NO\"},{\"@type\":\"Person\",\"@id\":\"https:\\\/\\\/diktardagar.no\\\/2016\\\/#\\\/schema\\\/person\\\/0b47960f7e0dcddc8bbf768f1d9e1084\",\"name\":\"Torunn Kj\u00f8k\",\"image\":{\"@type\":\"ImageObject\",\"inLanguage\":\"nb-NO\",\"@id\":\"https:\\\/\\\/secure.gravatar.com\\\/avatar\\\/35dbc3e75f7751dc046434fcd2ee5f5f8dc8e8766a4c3b5bc88b7eea6c60ade0?s=96&d=mm&r=g\",\"url\":\"https:\\\/\\\/secure.gravatar.com\\\/avatar\\\/35dbc3e75f7751dc046434fcd2ee5f5f8dc8e8766a4c3b5bc88b7eea6c60ade0?s=96&d=mm&r=g\",\"contentUrl\":\"https:\\\/\\\/secure.gravatar.com\\\/avatar\\\/35dbc3e75f7751dc046434fcd2ee5f5f8dc8e8766a4c3b5bc88b7eea6c60ade0?s=96&d=mm&r=g\",\"caption\":\"Torunn Kj\u00f8k\"},\"url\":\"https:\\\/\\\/diktardagar.no\\\/2016\\\/author\\\/torunn\\\/\"}]}<\/script>\n<!-- \/ Yoast SEO plugin. -->","yoast_head_json":{"title":"Vellykka opningsprogram for Tor Jonsson-\u00e5ret i Lom - Diktardagar 2016","robots":{"index":"index","follow":"follow","max-snippet":"max-snippet:-1","max-image-preview":"max-image-preview:large","max-video-preview":"max-video-preview:-1"},"canonical":"https:\/\/diktardagar.no\/2016\/vellykka-opning-tor-jonsson-aret-lom\/","og_locale":"nb_NO","og_type":"article","og_title":"Vellykka opningsprogram for Tor Jonsson-\u00e5ret i Lom - Diktardagar 2016","og_description":"Diktardagar gratulerer Tor Jonssonlaget og Lom kommune med eit s\u00e6rs godt program laurdag 21. mai!\u00a0 Konserten i Utgard med Tor Jonssons band var ei stor oppleving med nye tonar til dikt av Tor Jonsson. B\u00e5de musikk- og vokal presentasjon var av h\u00f8g klasse. Kombinasjonen av lokale og nasjonale akt\u00f8rar er bra, og gledeleg var det&hellip;","og_url":"https:\/\/diktardagar.no\/2016\/vellykka-opning-tor-jonsson-aret-lom\/","og_site_name":"Diktardagar 2016","article_published_time":"2016-05-27T09:35:17+00:00","article_modified_time":"2017-01-09T20:36:31+00:00","author":"Torunn Kj\u00f8k","twitter_card":"summary_large_image","twitter_misc":{"Skrevet av":"Torunn Kj\u00f8k"},"schema":{"@context":"https:\/\/schema.org","@graph":[{"@type":"Article","@id":"https:\/\/diktardagar.no\/2016\/vellykka-opning-tor-jonsson-aret-lom\/#article","isPartOf":{"@id":"https:\/\/diktardagar.no\/2016\/vellykka-opning-tor-jonsson-aret-lom\/"},"author":{"name":"Torunn Kj\u00f8k","@id":"https:\/\/diktardagar.no\/2016\/#\/schema\/person\/0b47960f7e0dcddc8bbf768f1d9e1084"},"headline":"Vellykka opningsprogram for Tor Jonsson-\u00e5ret i Lom","datePublished":"2016-05-27T09:35:17+00:00","dateModified":"2017-01-09T20:36:31+00:00","mainEntityOfPage":{"@id":"https:\/\/diktardagar.no\/2016\/vellykka-opning-tor-jonsson-aret-lom\/"},"wordCount":96,"articleSection":["Nyheter 2016"],"inLanguage":"nb-NO"},{"@type":"WebPage","@id":"https:\/\/diktardagar.no\/2016\/vellykka-opning-tor-jonsson-aret-lom\/","url":"https:\/\/diktardagar.no\/2016\/vellykka-opning-tor-jonsson-aret-lom\/","name":"Vellykka opningsprogram for Tor Jonsson-\u00e5ret i Lom - Diktardagar 2016","isPartOf":{"@id":"https:\/\/diktardagar.no\/2016\/#website"},"datePublished":"2016-05-27T09:35:17+00:00","dateModified":"2017-01-09T20:36:31+00:00","author":{"@id":"https:\/\/diktardagar.no\/2016\/#\/schema\/person\/0b47960f7e0dcddc8bbf768f1d9e1084"},"breadcrumb":{"@id":"https:\/\/diktardagar.no\/2016\/vellykka-opning-tor-jonsson-aret-lom\/#breadcrumb"},"inLanguage":"nb-NO","potentialAction":[{"@type":"ReadAction","target":["https:\/\/diktardagar.no\/2016\/vellykka-opning-tor-jonsson-aret-lom\/"]}]},{"@type":"BreadcrumbList","@id":"https:\/\/diktardagar.no\/2016\/vellykka-opning-tor-jonsson-aret-lom\/#breadcrumb","itemListElement":[{"@type":"ListItem","position":1,"name":"Hjem","item":"https:\/\/diktardagar.no\/2016\/"},{"@type":"ListItem","position":2,"name":"Vellykka opningsprogram for Tor Jonsson-\u00e5ret i Lom"}]},{"@type":"WebSite","@id":"https:\/\/diktardagar.no\/2016\/#website","url":"https:\/\/diktardagar.no\/2016\/","name":"Diktardagar 2016","description":"","potentialAction":[{"@type":"SearchAction","target":{"@type":"EntryPoint","urlTemplate":"https:\/\/diktardagar.no\/2016\/?s={search_term_string}"},"query-input":{"@type":"PropertyValueSpecification","valueRequired":true,"valueName":"search_term_string"}}],"inLanguage":"nb-NO"},{"@type":"Person","@id":"https:\/\/diktardagar.no\/2016\/#\/schema\/person\/0b47960f7e0dcddc8bbf768f1d9e1084","name":"Torunn Kj\u00f8k","image":{"@type":"ImageObject","inLanguage":"nb-NO","@id":"https:\/\/secure.gravatar.com\/avatar\/35dbc3e75f7751dc046434fcd2ee5f5f8dc8e8766a4c3b5bc88b7eea6c60ade0?s=96&d=mm&r=g","url":"https:\/\/secure.gravatar.com\/avatar\/35dbc3e75f7751dc046434fcd2ee5f5f8dc8e8766a4c3b5bc88b7eea6c60ade0?s=96&d=mm&r=g","contentUrl":"https:\/\/secure.gravatar.com\/avatar\/35dbc3e75f7751dc046434fcd2ee5f5f8dc8e8766a4c3b5bc88b7eea6c60ade0?s=96&d=mm&r=g","caption":"Torunn Kj\u00f8k"},"url":"https:\/\/diktardagar.no\/2016\/author\/torunn\/"}]}},"_links":{"self":[{"href":"https:\/\/diktardagar.no\/2016\/wp-json\/wp\/v2\/posts\/1258","targetHints":{"allow":["GET"]}}],"collection":[{"href":"https:\/\/diktardagar.no\/2016\/wp-json\/wp\/v2\/posts"}],"about":[{"href":"https:\/\/diktardagar.no\/2016\/wp-json\/wp\/v2\/types\/post"}],"author":[{"embeddable":true,"href":"https:\/\/diktardagar.no\/2016\/wp-json\/wp\/v2\/users\/3"}],"replies":[{"embeddable":true,"href":"https:\/\/diktardagar.no\/2016\/wp-json\/wp\/v2\/comments?post=1258"}],"version-history":[{"count":1,"href":"https:\/\/diktardagar.no\/2016\/wp-json\/wp\/v2\/posts\/1258\/revisions"}],"predecessor-version":[{"id":1259,"href":"https:\/\/diktardagar.no\/2016\/wp-json\/wp\/v2\/posts\/1258\/revisions\/1259"}],"wp:attachment":[{"href":"https:\/\/diktardagar.no\/2016\/wp-json\/wp\/v2\/media?parent=1258"}],"wp:term":[{"taxonomy":"category","embeddable":true,"href":"https:\/\/diktardagar.no\/2016\/wp-json\/wp\/v2\/categories?post=1258"},{"taxonomy":"post_tag","embeddable":true,"href":"https:\/\/diktardagar.no\/2016\/wp-json\/wp\/v2\/tags?post=1258"}],"curies":[{"name":"wp","href":"https:\/\/api.w.org\/{rel}","templated":true}]}}