{"id":939,"date":"2015-09-04T13:25:04","date_gmt":"2015-09-04T11:25:04","guid":{"rendered":"https:\/\/diktardagar.no\/2015\/?p=939"},"modified":"2016-04-04T21:03:01","modified_gmt":"2016-04-04T19:03:01","slug":"haugtussa","status":"publish","type":"post","link":"https:\/\/diktardagar.no\/2015\/haugtussa\/","title":{"rendered":"Haugtussa"},"content":{"rendered":"<div id=\"attachment_940\" style=\"width: 310px\" class=\"wp-caption alignleft\"><a href=\"https:\/\/diktardagar.no\/2015\/wp-content\/uploads\/sites\/11\/2015\/08\/Ane-Dahl-Torp-med-engel-i-Haugtussa.jpg\"><img loading=\"lazy\" decoding=\"async\" aria-describedby=\"caption-attachment-940\" class=\"size-medium wp-image-940\" src=\"https:\/\/diktardagar.no\/2015\/wp-content\/uploads\/sites\/11\/2015\/08\/Ane-Dahl-Torp-med-engel-i-Haugtussa-300x169.jpg\" alt=\"Ane Dahl Torp fr\u00e5 Haugtussa. Foto: Det Norske Teatret\" width=\"300\" height=\"169\" srcset=\"https:\/\/diktardagar.no\/2015\/wp-content\/uploads\/sites\/11\/2015\/08\/Ane-Dahl-Torp-med-engel-i-Haugtussa-300x169.jpg 300w, https:\/\/diktardagar.no\/2015\/wp-content\/uploads\/sites\/11\/2015\/08\/Ane-Dahl-Torp-med-engel-i-Haugtussa-1024x578.jpg 1024w, https:\/\/diktardagar.no\/2015\/wp-content\/uploads\/sites\/11\/2015\/08\/Ane-Dahl-Torp-med-engel-i-Haugtussa.jpg 1128w\" sizes=\"auto, (max-width: 300px) 100vw, 300px\" \/><\/a><p id=\"caption-attachment-940\" class=\"wp-caption-text\">Ane Dahl Torp fr\u00e5 Haugtussa.<br \/>Foto: Det Norske Teatret<\/p><\/div>\n<p>Vi er sv\u00e6rt stolte og glade for \u00e5 kunne opne Diktardagar 2015 med\u00a0Ane Dahl Torp og trompetist Sjur Miljeteig si tolking\u00a0av Arne Garborgs\u00a0<em>Haugtussa.<\/em>\u00a0<em>Haugtussa<\/em> fr\u00e5 1895 er eit lyrisk, nyromantisk hovudverk i norsk litteratur. Veslem\u00f8y har fascinert kunstnarar i over hundre \u00e5r. Mellom tidlegare kunstnarar som har late seg inspirere er Edvard Grieg, H\u00e5kon Bleken og Ketil Bj\u00f8rnstad. I l\u00f8pet av framsyninga m\u00f8ter Veslem\u00f8y daudingar og underjordiske, vonde krefter b\u00e5de i og utanfor seg sj\u00f8lv. Og ho m\u00f8ter kj\u00e6rleiken for f\u00f8rste gong \u2013 og den store smerta. Men i berget lokkar Bergekongen, som lovar henne alt godt.<\/p>\n<p>Ane Dahl Torp og musikarmannnen Sjur Miljeteig har laga ei rocka utg\u00e5ve av <em>Haugtussa<\/em>.\u00a0Ein liten smakebit p\u00e5 framsyninga f\u00e5r de her:<a href=\"http:\/\/www.detnorsketeatret.no\/framsyningar\/haugtussa\/\">\u00a0http:\/\/www.detnorsketeatret.no\/framsyningar\/haugtussa\/<\/a><\/p>\n<p>Vi gler oss til \u00e5 bli bergtekne i V\u00e5g\u00e5 fredag kveld. Velkomne skal de vera!<\/p>\n","protected":false},"excerpt":{"rendered":"<p>Vi er sv\u00e6rt stolte og glade for \u00e5 kunne opne Diktardagar 2015 med Ane Dahl Torp og trompetist Sjur Miljeteig si tolking av Arne Garborgs Haugtussa. Haugtussa fr\u00e5 1895 er eit lyrisk, nyromantisk hovudverk i norsk litteratur.<\/p>\n","protected":false},"author":9,"featured_media":940,"comment_status":"closed","ping_status":"open","sticky":false,"template":"","format":"standard","meta":{"footnotes":""},"categories":[8],"tags":[],"class_list":["post-939","post","type-post","status-publish","format-standard","has-post-thumbnail","hentry","category-nyheter-2015"],"yoast_head":"<!-- This site is optimized with the Yoast SEO plugin v27.5 - https:\/\/yoast.com\/product\/yoast-seo-wordpress\/ -->\n<title>Haugtussa - Diktardagar 2015<\/title>\n<meta name=\"description\" content=\"Vi er sv\u00e6rt stolte og glade for \u00e5 kunne opne Diktardagar 2015 med Ane Dahl Torp og trompetist Sjur Miljeteig si tolking av Arne Garborgs Haugtussa.\" class=\"yoast-seo-meta-tag\" \/>\n<meta name=\"robots\" content=\"index, follow, max-snippet:-1, max-image-preview:large, max-video-preview:-1\" \/>\n<link rel=\"canonical\" href=\"https:\/\/diktardagar.no\/2015\/haugtussa\/\" class=\"yoast-seo-meta-tag\" \/>\n<meta property=\"og:locale\" content=\"nb_NO\" class=\"yoast-seo-meta-tag\" \/>\n<meta property=\"og:type\" content=\"article\" class=\"yoast-seo-meta-tag\" \/>\n<meta property=\"og:title\" content=\"Haugtussa - Diktardagar 2015\" class=\"yoast-seo-meta-tag\" \/>\n<meta property=\"og:description\" content=\"Vi er sv\u00e6rt stolte og glade for \u00e5 kunne opne Diktardagar 2015 med Ane Dahl Torp og trompetist Sjur Miljeteig si tolking av Arne Garborgs Haugtussa.\" class=\"yoast-seo-meta-tag\" \/>\n<meta property=\"og:url\" content=\"https:\/\/diktardagar.no\/2015\/haugtussa\/\" class=\"yoast-seo-meta-tag\" \/>\n<meta property=\"og:site_name\" content=\"Diktardagar 2015\" class=\"yoast-seo-meta-tag\" \/>\n<meta property=\"article:published_time\" content=\"2015-09-04T11:25:04+00:00\" class=\"yoast-seo-meta-tag\" \/>\n<meta property=\"article:modified_time\" content=\"2016-04-04T19:03:01+00:00\" class=\"yoast-seo-meta-tag\" \/>\n<meta property=\"og:image\" content=\"https:\/\/diktardagar.no\/2015\/wp-content\/uploads\/sites\/11\/2015\/08\/Ane-Dahl-Torp-med-engel-i-Haugtussa.jpg\" class=\"yoast-seo-meta-tag\" \/>\n\t<meta property=\"og:image:width\" content=\"1128\" class=\"yoast-seo-meta-tag\" \/>\n\t<meta property=\"og:image:height\" content=\"637\" class=\"yoast-seo-meta-tag\" \/>\n\t<meta property=\"og:image:type\" content=\"image\/jpeg\" class=\"yoast-seo-meta-tag\" \/>\n<meta name=\"author\" content=\"Rita Mundal\" class=\"yoast-seo-meta-tag\" \/>\n<meta name=\"twitter:card\" content=\"summary_large_image\" class=\"yoast-seo-meta-tag\" \/>\n<meta name=\"twitter:label1\" content=\"Skrevet av\" class=\"yoast-seo-meta-tag\" \/>\n\t<meta name=\"twitter:data1\" content=\"Rita Mundal\" class=\"yoast-seo-meta-tag\" \/>\n\t<meta name=\"twitter:label2\" content=\"Ansl. lesetid\" class=\"yoast-seo-meta-tag\" \/>\n\t<meta name=\"twitter:data2\" content=\"1 minutt\" class=\"yoast-seo-meta-tag\" \/>\n<script type=\"application\/ld+json\" class=\"yoast-schema-graph\">{\"@context\":\"https:\\\/\\\/schema.org\",\"@graph\":[{\"@type\":\"Article\",\"@id\":\"https:\\\/\\\/diktardagar.no\\\/2015\\\/haugtussa\\\/#article\",\"isPartOf\":{\"@id\":\"https:\\\/\\\/diktardagar.no\\\/2015\\\/haugtussa\\\/\"},\"author\":{\"name\":\"Rita Mundal\",\"@id\":\"https:\\\/\\\/diktardagar.no\\\/2015\\\/#\\\/schema\\\/person\\\/7fb47f233ba95e2647bcb7272f62fb8d\"},\"headline\":\"Haugtussa\",\"datePublished\":\"2015-09-04T11:25:04+00:00\",\"dateModified\":\"2016-04-04T19:03:01+00:00\",\"mainEntityOfPage\":{\"@id\":\"https:\\\/\\\/diktardagar.no\\\/2015\\\/haugtussa\\\/\"},\"wordCount\":170,\"image\":{\"@id\":\"https:\\\/\\\/diktardagar.no\\\/2015\\\/haugtussa\\\/#primaryimage\"},\"thumbnailUrl\":\"https:\\\/\\\/diktardagar.no\\\/2015\\\/wp-content\\\/uploads\\\/sites\\\/11\\\/2015\\\/08\\\/Ane-Dahl-Torp-med-engel-i-Haugtussa.jpg\",\"articleSection\":[\"nyheter 2015\"],\"inLanguage\":\"nb-NO\"},{\"@type\":\"WebPage\",\"@id\":\"https:\\\/\\\/diktardagar.no\\\/2015\\\/haugtussa\\\/\",\"url\":\"https:\\\/\\\/diktardagar.no\\\/2015\\\/haugtussa\\\/\",\"name\":\"Haugtussa - Diktardagar 2015\",\"isPartOf\":{\"@id\":\"https:\\\/\\\/diktardagar.no\\\/2015\\\/#website\"},\"primaryImageOfPage\":{\"@id\":\"https:\\\/\\\/diktardagar.no\\\/2015\\\/haugtussa\\\/#primaryimage\"},\"image\":{\"@id\":\"https:\\\/\\\/diktardagar.no\\\/2015\\\/haugtussa\\\/#primaryimage\"},\"thumbnailUrl\":\"https:\\\/\\\/diktardagar.no\\\/2015\\\/wp-content\\\/uploads\\\/sites\\\/11\\\/2015\\\/08\\\/Ane-Dahl-Torp-med-engel-i-Haugtussa.jpg\",\"datePublished\":\"2015-09-04T11:25:04+00:00\",\"dateModified\":\"2016-04-04T19:03:01+00:00\",\"author\":{\"@id\":\"https:\\\/\\\/diktardagar.no\\\/2015\\\/#\\\/schema\\\/person\\\/7fb47f233ba95e2647bcb7272f62fb8d\"},\"description\":\"Vi er sv\u00e6rt stolte og glade for \u00e5 kunne opne Diktardagar 2015 med Ane Dahl Torp og trompetist Sjur Miljeteig si tolking av Arne Garborgs Haugtussa.\",\"breadcrumb\":{\"@id\":\"https:\\\/\\\/diktardagar.no\\\/2015\\\/haugtussa\\\/#breadcrumb\"},\"inLanguage\":\"nb-NO\",\"potentialAction\":[{\"@type\":\"ReadAction\",\"target\":[\"https:\\\/\\\/diktardagar.no\\\/2015\\\/haugtussa\\\/\"]}]},{\"@type\":\"ImageObject\",\"inLanguage\":\"nb-NO\",\"@id\":\"https:\\\/\\\/diktardagar.no\\\/2015\\\/haugtussa\\\/#primaryimage\",\"url\":\"https:\\\/\\\/diktardagar.no\\\/2015\\\/wp-content\\\/uploads\\\/sites\\\/11\\\/2015\\\/08\\\/Ane-Dahl-Torp-med-engel-i-Haugtussa.jpg\",\"contentUrl\":\"https:\\\/\\\/diktardagar.no\\\/2015\\\/wp-content\\\/uploads\\\/sites\\\/11\\\/2015\\\/08\\\/Ane-Dahl-Torp-med-engel-i-Haugtussa.jpg\",\"width\":1128,\"height\":637,\"caption\":\"Ane Dahl Torp fr\u00e5 Haugtussa. Foto: Det Norske Teatret\"},{\"@type\":\"BreadcrumbList\",\"@id\":\"https:\\\/\\\/diktardagar.no\\\/2015\\\/haugtussa\\\/#breadcrumb\",\"itemListElement\":[{\"@type\":\"ListItem\",\"position\":1,\"name\":\"Hjem\",\"item\":\"https:\\\/\\\/diktardagar.no\\\/2015\\\/\"},{\"@type\":\"ListItem\",\"position\":2,\"name\":\"Haugtussa\"}]},{\"@type\":\"WebSite\",\"@id\":\"https:\\\/\\\/diktardagar.no\\\/2015\\\/#website\",\"url\":\"https:\\\/\\\/diktardagar.no\\\/2015\\\/\",\"name\":\"Diktardagar 2015\",\"description\":\"\",\"potentialAction\":[{\"@type\":\"SearchAction\",\"target\":{\"@type\":\"EntryPoint\",\"urlTemplate\":\"https:\\\/\\\/diktardagar.no\\\/2015\\\/?s={search_term_string}\"},\"query-input\":{\"@type\":\"PropertyValueSpecification\",\"valueRequired\":true,\"valueName\":\"search_term_string\"}}],\"inLanguage\":\"nb-NO\"},{\"@type\":\"Person\",\"@id\":\"https:\\\/\\\/diktardagar.no\\\/2015\\\/#\\\/schema\\\/person\\\/7fb47f233ba95e2647bcb7272f62fb8d\",\"name\":\"Rita Mundal\",\"image\":{\"@type\":\"ImageObject\",\"inLanguage\":\"nb-NO\",\"@id\":\"https:\\\/\\\/secure.gravatar.com\\\/avatar\\\/228396b8b9e76ae3583b1bccf5409689b305059981e143d0929be483a9a2767b?s=96&d=mm&r=g\",\"url\":\"https:\\\/\\\/secure.gravatar.com\\\/avatar\\\/228396b8b9e76ae3583b1bccf5409689b305059981e143d0929be483a9a2767b?s=96&d=mm&r=g\",\"contentUrl\":\"https:\\\/\\\/secure.gravatar.com\\\/avatar\\\/228396b8b9e76ae3583b1bccf5409689b305059981e143d0929be483a9a2767b?s=96&d=mm&r=g\",\"caption\":\"Rita Mundal\"},\"sameAs\":[\"http:\\\/\\\/www.lom.kommune.no\"],\"url\":\"https:\\\/\\\/diktardagar.no\\\/2015\\\/author\\\/rita\\\/\"}]}<\/script>\n<!-- \/ Yoast SEO plugin. -->","yoast_head_json":{"title":"Haugtussa - Diktardagar 2015","description":"Vi er sv\u00e6rt stolte og glade for \u00e5 kunne opne Diktardagar 2015 med Ane Dahl Torp og trompetist Sjur Miljeteig si tolking av Arne Garborgs Haugtussa.","robots":{"index":"index","follow":"follow","max-snippet":"max-snippet:-1","max-image-preview":"max-image-preview:large","max-video-preview":"max-video-preview:-1"},"canonical":"https:\/\/diktardagar.no\/2015\/haugtussa\/","og_locale":"nb_NO","og_type":"article","og_title":"Haugtussa - Diktardagar 2015","og_description":"Vi er sv\u00e6rt stolte og glade for \u00e5 kunne opne Diktardagar 2015 med Ane Dahl Torp og trompetist Sjur Miljeteig si tolking av Arne Garborgs Haugtussa.","og_url":"https:\/\/diktardagar.no\/2015\/haugtussa\/","og_site_name":"Diktardagar 2015","article_published_time":"2015-09-04T11:25:04+00:00","article_modified_time":"2016-04-04T19:03:01+00:00","og_image":[{"width":1128,"height":637,"url":"https:\/\/diktardagar.no\/2015\/wp-content\/uploads\/sites\/11\/2015\/08\/Ane-Dahl-Torp-med-engel-i-Haugtussa.jpg","type":"image\/jpeg"}],"author":"Rita Mundal","twitter_card":"summary_large_image","twitter_misc":{"Skrevet av":"Rita Mundal","Ansl. lesetid":"1 minutt"},"schema":{"@context":"https:\/\/schema.org","@graph":[{"@type":"Article","@id":"https:\/\/diktardagar.no\/2015\/haugtussa\/#article","isPartOf":{"@id":"https:\/\/diktardagar.no\/2015\/haugtussa\/"},"author":{"name":"Rita Mundal","@id":"https:\/\/diktardagar.no\/2015\/#\/schema\/person\/7fb47f233ba95e2647bcb7272f62fb8d"},"headline":"Haugtussa","datePublished":"2015-09-04T11:25:04+00:00","dateModified":"2016-04-04T19:03:01+00:00","mainEntityOfPage":{"@id":"https:\/\/diktardagar.no\/2015\/haugtussa\/"},"wordCount":170,"image":{"@id":"https:\/\/diktardagar.no\/2015\/haugtussa\/#primaryimage"},"thumbnailUrl":"https:\/\/diktardagar.no\/2015\/wp-content\/uploads\/sites\/11\/2015\/08\/Ane-Dahl-Torp-med-engel-i-Haugtussa.jpg","articleSection":["nyheter 2015"],"inLanguage":"nb-NO"},{"@type":"WebPage","@id":"https:\/\/diktardagar.no\/2015\/haugtussa\/","url":"https:\/\/diktardagar.no\/2015\/haugtussa\/","name":"Haugtussa - Diktardagar 2015","isPartOf":{"@id":"https:\/\/diktardagar.no\/2015\/#website"},"primaryImageOfPage":{"@id":"https:\/\/diktardagar.no\/2015\/haugtussa\/#primaryimage"},"image":{"@id":"https:\/\/diktardagar.no\/2015\/haugtussa\/#primaryimage"},"thumbnailUrl":"https:\/\/diktardagar.no\/2015\/wp-content\/uploads\/sites\/11\/2015\/08\/Ane-Dahl-Torp-med-engel-i-Haugtussa.jpg","datePublished":"2015-09-04T11:25:04+00:00","dateModified":"2016-04-04T19:03:01+00:00","author":{"@id":"https:\/\/diktardagar.no\/2015\/#\/schema\/person\/7fb47f233ba95e2647bcb7272f62fb8d"},"description":"Vi er sv\u00e6rt stolte og glade for \u00e5 kunne opne Diktardagar 2015 med Ane Dahl Torp og trompetist Sjur Miljeteig si tolking av Arne Garborgs Haugtussa.","breadcrumb":{"@id":"https:\/\/diktardagar.no\/2015\/haugtussa\/#breadcrumb"},"inLanguage":"nb-NO","potentialAction":[{"@type":"ReadAction","target":["https:\/\/diktardagar.no\/2015\/haugtussa\/"]}]},{"@type":"ImageObject","inLanguage":"nb-NO","@id":"https:\/\/diktardagar.no\/2015\/haugtussa\/#primaryimage","url":"https:\/\/diktardagar.no\/2015\/wp-content\/uploads\/sites\/11\/2015\/08\/Ane-Dahl-Torp-med-engel-i-Haugtussa.jpg","contentUrl":"https:\/\/diktardagar.no\/2015\/wp-content\/uploads\/sites\/11\/2015\/08\/Ane-Dahl-Torp-med-engel-i-Haugtussa.jpg","width":1128,"height":637,"caption":"Ane Dahl Torp fr\u00e5 Haugtussa. Foto: Det Norske Teatret"},{"@type":"BreadcrumbList","@id":"https:\/\/diktardagar.no\/2015\/haugtussa\/#breadcrumb","itemListElement":[{"@type":"ListItem","position":1,"name":"Hjem","item":"https:\/\/diktardagar.no\/2015\/"},{"@type":"ListItem","position":2,"name":"Haugtussa"}]},{"@type":"WebSite","@id":"https:\/\/diktardagar.no\/2015\/#website","url":"https:\/\/diktardagar.no\/2015\/","name":"Diktardagar 2015","description":"","potentialAction":[{"@type":"SearchAction","target":{"@type":"EntryPoint","urlTemplate":"https:\/\/diktardagar.no\/2015\/?s={search_term_string}"},"query-input":{"@type":"PropertyValueSpecification","valueRequired":true,"valueName":"search_term_string"}}],"inLanguage":"nb-NO"},{"@type":"Person","@id":"https:\/\/diktardagar.no\/2015\/#\/schema\/person\/7fb47f233ba95e2647bcb7272f62fb8d","name":"Rita Mundal","image":{"@type":"ImageObject","inLanguage":"nb-NO","@id":"https:\/\/secure.gravatar.com\/avatar\/228396b8b9e76ae3583b1bccf5409689b305059981e143d0929be483a9a2767b?s=96&d=mm&r=g","url":"https:\/\/secure.gravatar.com\/avatar\/228396b8b9e76ae3583b1bccf5409689b305059981e143d0929be483a9a2767b?s=96&d=mm&r=g","contentUrl":"https:\/\/secure.gravatar.com\/avatar\/228396b8b9e76ae3583b1bccf5409689b305059981e143d0929be483a9a2767b?s=96&d=mm&r=g","caption":"Rita Mundal"},"sameAs":["http:\/\/www.lom.kommune.no"],"url":"https:\/\/diktardagar.no\/2015\/author\/rita\/"}]}},"_links":{"self":[{"href":"https:\/\/diktardagar.no\/2015\/wp-json\/wp\/v2\/posts\/939","targetHints":{"allow":["GET"]}}],"collection":[{"href":"https:\/\/diktardagar.no\/2015\/wp-json\/wp\/v2\/posts"}],"about":[{"href":"https:\/\/diktardagar.no\/2015\/wp-json\/wp\/v2\/types\/post"}],"author":[{"embeddable":true,"href":"https:\/\/diktardagar.no\/2015\/wp-json\/wp\/v2\/users\/9"}],"replies":[{"embeddable":true,"href":"https:\/\/diktardagar.no\/2015\/wp-json\/wp\/v2\/comments?post=939"}],"version-history":[{"count":4,"href":"https:\/\/diktardagar.no\/2015\/wp-json\/wp\/v2\/posts\/939\/revisions"}],"predecessor-version":[{"id":946,"href":"https:\/\/diktardagar.no\/2015\/wp-json\/wp\/v2\/posts\/939\/revisions\/946"}],"wp:featuredmedia":[{"embeddable":true,"href":"https:\/\/diktardagar.no\/2015\/wp-json\/wp\/v2\/media\/940"}],"wp:attachment":[{"href":"https:\/\/diktardagar.no\/2015\/wp-json\/wp\/v2\/media?parent=939"}],"wp:term":[{"taxonomy":"category","embeddable":true,"href":"https:\/\/diktardagar.no\/2015\/wp-json\/wp\/v2\/categories?post=939"},{"taxonomy":"post_tag","embeddable":true,"href":"https:\/\/diktardagar.no\/2015\/wp-json\/wp\/v2\/tags?post=939"}],"curies":[{"name":"wp","href":"https:\/\/api.w.org\/{rel}","templated":true}]}}