{"id":2923,"date":"2020-06-01T15:56:00","date_gmt":"2020-06-01T13:56:00","guid":{"rendered":"https:\/\/diktardagar.no\/2013\/?p=2923"},"modified":"2020-07-11T15:25:54","modified_gmt":"2020-07-11T13:25:54","slug":"sigmund-lovasen-kjem-til-diktardagar","status":"publish","type":"post","link":"https:\/\/diktardagar.no\/2013\/sigmund-lovasen-kjem-til-diktardagar\/","title":{"rendered":"Sigmund L\u00f8v\u00e5sen kjem til Diktardagar"},"content":{"rendered":"\n<p>Sigmund L\u00f8v\u00e5sen har gjort stor suksess under Diktardagar, og generelt i Skj\u00e5k, Lom og V\u00e5g\u00e5 tidlegare. Vi er difor s\u00e6rs glade for at han kjem attende til oss n\u00e5 i 2020. Sigmund vil i l\u00f8pet av hausten vere aktuell med biografi om Kjell Aukrust, og under Diktardagar vil han fortelje om dette.  Foto: David Aasen<\/p>\n","protected":false},"excerpt":{"rendered":"<p>Sigmund L\u00f8v\u00e5sen har gjort stor suksess under Diktardagar, og generelt i Skj\u00e5k, Lom og V\u00e5g\u00e5 tidlegare. Vi er difor s\u00e6rs glade for at han kjem attende til oss n\u00e5 i 2020. Sigmund vil i l\u00f8pet av hausten vere aktuell med biografi om Kjell Aukrust, og under Diktardagar vil han fortelje om dette. Foto: David Aasen<\/p>\n","protected":false},"author":127,"featured_media":2924,"comment_status":"closed","ping_status":"open","sticky":false,"template":"","format":"standard","meta":{"footnotes":""},"categories":[],"tags":[],"class_list":["post-2923","post","type-post","status-publish","format-standard","has-post-thumbnail","hentry"],"yoast_head":"<!-- This site is optimized with the Yoast SEO plugin v27.5 - https:\/\/yoast.com\/product\/yoast-seo-wordpress\/ -->\n<title>Sigmund L\u00f8v\u00e5sen kjem til Diktardagar - Diktardagar 2013<\/title>\n<meta name=\"robots\" content=\"index, follow, max-snippet:-1, max-image-preview:large, max-video-preview:-1\" \/>\n<link rel=\"canonical\" href=\"https:\/\/diktardagar.no\/2013\/sigmund-lovasen-kjem-til-diktardagar\/\" class=\"yoast-seo-meta-tag\" \/>\n<meta property=\"og:locale\" content=\"nb_NO\" class=\"yoast-seo-meta-tag\" \/>\n<meta property=\"og:type\" content=\"article\" class=\"yoast-seo-meta-tag\" \/>\n<meta property=\"og:title\" content=\"Sigmund L\u00f8v\u00e5sen kjem til Diktardagar - Diktardagar 2013\" class=\"yoast-seo-meta-tag\" \/>\n<meta property=\"og:description\" content=\"Sigmund L\u00f8v\u00e5sen har gjort stor suksess under Diktardagar, og generelt i Skj\u00e5k, Lom og V\u00e5g\u00e5 tidlegare. Vi er difor s\u00e6rs glade for at han kjem attende til oss n\u00e5 i 2020. Sigmund vil i l\u00f8pet av hausten vere aktuell med biografi om Kjell Aukrust, og under Diktardagar vil han fortelje om dette. Foto: David Aasen\" class=\"yoast-seo-meta-tag\" \/>\n<meta property=\"og:url\" content=\"https:\/\/diktardagar.no\/2013\/sigmund-lovasen-kjem-til-diktardagar\/\" class=\"yoast-seo-meta-tag\" \/>\n<meta property=\"og:site_name\" content=\"Diktardagar 2013\" class=\"yoast-seo-meta-tag\" \/>\n<meta property=\"article:published_time\" content=\"2020-06-01T13:56:00+00:00\" class=\"yoast-seo-meta-tag\" \/>\n<meta property=\"article:modified_time\" content=\"2020-07-11T13:25:54+00:00\" class=\"yoast-seo-meta-tag\" \/>\n<meta property=\"og:image\" content=\"https:\/\/diktardagar.no\/2013\/wp-content\/uploads\/sites\/13\/2020\/06\/L\u00f8va\u030asen.png\" class=\"yoast-seo-meta-tag\" \/>\n\t<meta property=\"og:image:width\" content=\"1454\" class=\"yoast-seo-meta-tag\" \/>\n\t<meta property=\"og:image:height\" content=\"880\" class=\"yoast-seo-meta-tag\" \/>\n\t<meta property=\"og:image:type\" content=\"image\/png\" class=\"yoast-seo-meta-tag\" \/>\n<meta name=\"author\" content=\"Kari Anne Skjaak\" class=\"yoast-seo-meta-tag\" \/>\n<meta name=\"twitter:card\" content=\"summary_large_image\" class=\"yoast-seo-meta-tag\" \/>\n<meta name=\"twitter:label1\" content=\"Skrevet av\" class=\"yoast-seo-meta-tag\" \/>\n\t<meta name=\"twitter:data1\" content=\"Kari Anne Skjaak\" class=\"yoast-seo-meta-tag\" \/>\n<script type=\"application\/ld+json\" class=\"yoast-schema-graph\">{\"@context\":\"https:\\\/\\\/schema.org\",\"@graph\":[{\"@type\":\"Article\",\"@id\":\"https:\\\/\\\/diktardagar.no\\\/2013\\\/sigmund-lovasen-kjem-til-diktardagar\\\/#article\",\"isPartOf\":{\"@id\":\"https:\\\/\\\/diktardagar.no\\\/2013\\\/sigmund-lovasen-kjem-til-diktardagar\\\/\"},\"author\":{\"name\":\"Kari Anne Skjaak\",\"@id\":\"https:\\\/\\\/diktardagar.no\\\/2013\\\/#\\\/schema\\\/person\\\/9465b0f760a30863ffd0b18eb17445a8\"},\"headline\":\"Sigmund L\u00f8v\u00e5sen kjem til Diktardagar\",\"datePublished\":\"2020-06-01T13:56:00+00:00\",\"dateModified\":\"2020-07-11T13:25:54+00:00\",\"mainEntityOfPage\":{\"@id\":\"https:\\\/\\\/diktardagar.no\\\/2013\\\/sigmund-lovasen-kjem-til-diktardagar\\\/\"},\"wordCount\":67,\"image\":{\"@id\":\"https:\\\/\\\/diktardagar.no\\\/2013\\\/sigmund-lovasen-kjem-til-diktardagar\\\/#primaryimage\"},\"thumbnailUrl\":\"https:\\\/\\\/diktardagar.no\\\/2013\\\/wp-content\\\/uploads\\\/sites\\\/13\\\/2020\\\/06\\\/L\u00f8va\u030asen.png\",\"inLanguage\":\"nb-NO\"},{\"@type\":\"WebPage\",\"@id\":\"https:\\\/\\\/diktardagar.no\\\/2013\\\/sigmund-lovasen-kjem-til-diktardagar\\\/\",\"url\":\"https:\\\/\\\/diktardagar.no\\\/2013\\\/sigmund-lovasen-kjem-til-diktardagar\\\/\",\"name\":\"Sigmund L\u00f8v\u00e5sen kjem til Diktardagar - Diktardagar 2013\",\"isPartOf\":{\"@id\":\"https:\\\/\\\/diktardagar.no\\\/2013\\\/#website\"},\"primaryImageOfPage\":{\"@id\":\"https:\\\/\\\/diktardagar.no\\\/2013\\\/sigmund-lovasen-kjem-til-diktardagar\\\/#primaryimage\"},\"image\":{\"@id\":\"https:\\\/\\\/diktardagar.no\\\/2013\\\/sigmund-lovasen-kjem-til-diktardagar\\\/#primaryimage\"},\"thumbnailUrl\":\"https:\\\/\\\/diktardagar.no\\\/2013\\\/wp-content\\\/uploads\\\/sites\\\/13\\\/2020\\\/06\\\/L\u00f8va\u030asen.png\",\"datePublished\":\"2020-06-01T13:56:00+00:00\",\"dateModified\":\"2020-07-11T13:25:54+00:00\",\"author\":{\"@id\":\"https:\\\/\\\/diktardagar.no\\\/2013\\\/#\\\/schema\\\/person\\\/9465b0f760a30863ffd0b18eb17445a8\"},\"breadcrumb\":{\"@id\":\"https:\\\/\\\/diktardagar.no\\\/2013\\\/sigmund-lovasen-kjem-til-diktardagar\\\/#breadcrumb\"},\"inLanguage\":\"nb-NO\",\"potentialAction\":[{\"@type\":\"ReadAction\",\"target\":[\"https:\\\/\\\/diktardagar.no\\\/2013\\\/sigmund-lovasen-kjem-til-diktardagar\\\/\"]}]},{\"@type\":\"ImageObject\",\"inLanguage\":\"nb-NO\",\"@id\":\"https:\\\/\\\/diktardagar.no\\\/2013\\\/sigmund-lovasen-kjem-til-diktardagar\\\/#primaryimage\",\"url\":\"https:\\\/\\\/diktardagar.no\\\/2013\\\/wp-content\\\/uploads\\\/sites\\\/13\\\/2020\\\/06\\\/L\u00f8va\u030asen.png\",\"contentUrl\":\"https:\\\/\\\/diktardagar.no\\\/2013\\\/wp-content\\\/uploads\\\/sites\\\/13\\\/2020\\\/06\\\/L\u00f8va\u030asen.png\",\"width\":1454,\"height\":880},{\"@type\":\"BreadcrumbList\",\"@id\":\"https:\\\/\\\/diktardagar.no\\\/2013\\\/sigmund-lovasen-kjem-til-diktardagar\\\/#breadcrumb\",\"itemListElement\":[{\"@type\":\"ListItem\",\"position\":1,\"name\":\"Hjem\",\"item\":\"https:\\\/\\\/diktardagar.no\\\/2013\\\/\"},{\"@type\":\"ListItem\",\"position\":2,\"name\":\"Sigmund L\u00f8v\u00e5sen kjem til Diktardagar\"}]},{\"@type\":\"WebSite\",\"@id\":\"https:\\\/\\\/diktardagar.no\\\/2013\\\/#website\",\"url\":\"https:\\\/\\\/diktardagar.no\\\/2013\\\/\",\"name\":\"Diktardagar 2013\",\"description\":\"\",\"potentialAction\":[{\"@type\":\"SearchAction\",\"target\":{\"@type\":\"EntryPoint\",\"urlTemplate\":\"https:\\\/\\\/diktardagar.no\\\/2013\\\/?s={search_term_string}\"},\"query-input\":{\"@type\":\"PropertyValueSpecification\",\"valueRequired\":true,\"valueName\":\"search_term_string\"}}],\"inLanguage\":\"nb-NO\"},{\"@type\":\"Person\",\"@id\":\"https:\\\/\\\/diktardagar.no\\\/2013\\\/#\\\/schema\\\/person\\\/9465b0f760a30863ffd0b18eb17445a8\",\"name\":\"Kari Anne Skjaak\",\"image\":{\"@type\":\"ImageObject\",\"inLanguage\":\"nb-NO\",\"@id\":\"https:\\\/\\\/secure.gravatar.com\\\/avatar\\\/45fce48bf9efe40deebed87264dce4638299cc0e9f035507924b9b8a115a02eb?s=96&d=mm&r=g\",\"url\":\"https:\\\/\\\/secure.gravatar.com\\\/avatar\\\/45fce48bf9efe40deebed87264dce4638299cc0e9f035507924b9b8a115a02eb?s=96&d=mm&r=g\",\"contentUrl\":\"https:\\\/\\\/secure.gravatar.com\\\/avatar\\\/45fce48bf9efe40deebed87264dce4638299cc0e9f035507924b9b8a115a02eb?s=96&d=mm&r=g\",\"caption\":\"Kari Anne Skjaak\"},\"url\":\"https:\\\/\\\/diktardagar.no\\\/2013\\\/author\\\/kaskjaak\\\/\"}]}<\/script>\n<!-- \/ Yoast SEO plugin. -->","yoast_head_json":{"title":"Sigmund L\u00f8v\u00e5sen kjem til Diktardagar - Diktardagar 2013","robots":{"index":"index","follow":"follow","max-snippet":"max-snippet:-1","max-image-preview":"max-image-preview:large","max-video-preview":"max-video-preview:-1"},"canonical":"https:\/\/diktardagar.no\/2013\/sigmund-lovasen-kjem-til-diktardagar\/","og_locale":"nb_NO","og_type":"article","og_title":"Sigmund L\u00f8v\u00e5sen kjem til Diktardagar - Diktardagar 2013","og_description":"Sigmund L\u00f8v\u00e5sen har gjort stor suksess under Diktardagar, og generelt i Skj\u00e5k, Lom og V\u00e5g\u00e5 tidlegare. Vi er difor s\u00e6rs glade for at han kjem attende til oss n\u00e5 i 2020. Sigmund vil i l\u00f8pet av hausten vere aktuell med biografi om Kjell Aukrust, og under Diktardagar vil han fortelje om dette. Foto: David Aasen","og_url":"https:\/\/diktardagar.no\/2013\/sigmund-lovasen-kjem-til-diktardagar\/","og_site_name":"Diktardagar 2013","article_published_time":"2020-06-01T13:56:00+00:00","article_modified_time":"2020-07-11T13:25:54+00:00","og_image":[{"width":1454,"height":880,"url":"https:\/\/diktardagar.no\/2013\/wp-content\/uploads\/sites\/13\/2020\/06\/L\u00f8va\u030asen.png","type":"image\/png"}],"author":"Kari Anne Skjaak","twitter_card":"summary_large_image","twitter_misc":{"Skrevet av":"Kari Anne Skjaak"},"schema":{"@context":"https:\/\/schema.org","@graph":[{"@type":"Article","@id":"https:\/\/diktardagar.no\/2013\/sigmund-lovasen-kjem-til-diktardagar\/#article","isPartOf":{"@id":"https:\/\/diktardagar.no\/2013\/sigmund-lovasen-kjem-til-diktardagar\/"},"author":{"name":"Kari Anne Skjaak","@id":"https:\/\/diktardagar.no\/2013\/#\/schema\/person\/9465b0f760a30863ffd0b18eb17445a8"},"headline":"Sigmund L\u00f8v\u00e5sen kjem til Diktardagar","datePublished":"2020-06-01T13:56:00+00:00","dateModified":"2020-07-11T13:25:54+00:00","mainEntityOfPage":{"@id":"https:\/\/diktardagar.no\/2013\/sigmund-lovasen-kjem-til-diktardagar\/"},"wordCount":67,"image":{"@id":"https:\/\/diktardagar.no\/2013\/sigmund-lovasen-kjem-til-diktardagar\/#primaryimage"},"thumbnailUrl":"https:\/\/diktardagar.no\/2013\/wp-content\/uploads\/sites\/13\/2020\/06\/L\u00f8va\u030asen.png","inLanguage":"nb-NO"},{"@type":"WebPage","@id":"https:\/\/diktardagar.no\/2013\/sigmund-lovasen-kjem-til-diktardagar\/","url":"https:\/\/diktardagar.no\/2013\/sigmund-lovasen-kjem-til-diktardagar\/","name":"Sigmund L\u00f8v\u00e5sen kjem til Diktardagar - Diktardagar 2013","isPartOf":{"@id":"https:\/\/diktardagar.no\/2013\/#website"},"primaryImageOfPage":{"@id":"https:\/\/diktardagar.no\/2013\/sigmund-lovasen-kjem-til-diktardagar\/#primaryimage"},"image":{"@id":"https:\/\/diktardagar.no\/2013\/sigmund-lovasen-kjem-til-diktardagar\/#primaryimage"},"thumbnailUrl":"https:\/\/diktardagar.no\/2013\/wp-content\/uploads\/sites\/13\/2020\/06\/L\u00f8va\u030asen.png","datePublished":"2020-06-01T13:56:00+00:00","dateModified":"2020-07-11T13:25:54+00:00","author":{"@id":"https:\/\/diktardagar.no\/2013\/#\/schema\/person\/9465b0f760a30863ffd0b18eb17445a8"},"breadcrumb":{"@id":"https:\/\/diktardagar.no\/2013\/sigmund-lovasen-kjem-til-diktardagar\/#breadcrumb"},"inLanguage":"nb-NO","potentialAction":[{"@type":"ReadAction","target":["https:\/\/diktardagar.no\/2013\/sigmund-lovasen-kjem-til-diktardagar\/"]}]},{"@type":"ImageObject","inLanguage":"nb-NO","@id":"https:\/\/diktardagar.no\/2013\/sigmund-lovasen-kjem-til-diktardagar\/#primaryimage","url":"https:\/\/diktardagar.no\/2013\/wp-content\/uploads\/sites\/13\/2020\/06\/L\u00f8va\u030asen.png","contentUrl":"https:\/\/diktardagar.no\/2013\/wp-content\/uploads\/sites\/13\/2020\/06\/L\u00f8va\u030asen.png","width":1454,"height":880},{"@type":"BreadcrumbList","@id":"https:\/\/diktardagar.no\/2013\/sigmund-lovasen-kjem-til-diktardagar\/#breadcrumb","itemListElement":[{"@type":"ListItem","position":1,"name":"Hjem","item":"https:\/\/diktardagar.no\/2013\/"},{"@type":"ListItem","position":2,"name":"Sigmund L\u00f8v\u00e5sen kjem til Diktardagar"}]},{"@type":"WebSite","@id":"https:\/\/diktardagar.no\/2013\/#website","url":"https:\/\/diktardagar.no\/2013\/","name":"Diktardagar 2013","description":"","potentialAction":[{"@type":"SearchAction","target":{"@type":"EntryPoint","urlTemplate":"https:\/\/diktardagar.no\/2013\/?s={search_term_string}"},"query-input":{"@type":"PropertyValueSpecification","valueRequired":true,"valueName":"search_term_string"}}],"inLanguage":"nb-NO"},{"@type":"Person","@id":"https:\/\/diktardagar.no\/2013\/#\/schema\/person\/9465b0f760a30863ffd0b18eb17445a8","name":"Kari Anne Skjaak","image":{"@type":"ImageObject","inLanguage":"nb-NO","@id":"https:\/\/secure.gravatar.com\/avatar\/45fce48bf9efe40deebed87264dce4638299cc0e9f035507924b9b8a115a02eb?s=96&d=mm&r=g","url":"https:\/\/secure.gravatar.com\/avatar\/45fce48bf9efe40deebed87264dce4638299cc0e9f035507924b9b8a115a02eb?s=96&d=mm&r=g","contentUrl":"https:\/\/secure.gravatar.com\/avatar\/45fce48bf9efe40deebed87264dce4638299cc0e9f035507924b9b8a115a02eb?s=96&d=mm&r=g","caption":"Kari Anne Skjaak"},"url":"https:\/\/diktardagar.no\/2013\/author\/kaskjaak\/"}]}},"_links":{"self":[{"href":"https:\/\/diktardagar.no\/2013\/wp-json\/wp\/v2\/posts\/2923","targetHints":{"allow":["GET"]}}],"collection":[{"href":"https:\/\/diktardagar.no\/2013\/wp-json\/wp\/v2\/posts"}],"about":[{"href":"https:\/\/diktardagar.no\/2013\/wp-json\/wp\/v2\/types\/post"}],"author":[{"embeddable":true,"href":"https:\/\/diktardagar.no\/2013\/wp-json\/wp\/v2\/users\/127"}],"replies":[{"embeddable":true,"href":"https:\/\/diktardagar.no\/2013\/wp-json\/wp\/v2\/comments?post=2923"}],"version-history":[{"count":1,"href":"https:\/\/diktardagar.no\/2013\/wp-json\/wp\/v2\/posts\/2923\/revisions"}],"predecessor-version":[{"id":2925,"href":"https:\/\/diktardagar.no\/2013\/wp-json\/wp\/v2\/posts\/2923\/revisions\/2925"}],"wp:featuredmedia":[{"embeddable":true,"href":"https:\/\/diktardagar.no\/2013\/wp-json\/wp\/v2\/media\/2924"}],"wp:attachment":[{"href":"https:\/\/diktardagar.no\/2013\/wp-json\/wp\/v2\/media?parent=2923"}],"wp:term":[{"taxonomy":"category","embeddable":true,"href":"https:\/\/diktardagar.no\/2013\/wp-json\/wp\/v2\/categories?post=2923"},{"taxonomy":"post_tag","embeddable":true,"href":"https:\/\/diktardagar.no\/2013\/wp-json\/wp\/v2\/tags?post=2923"}],"curies":[{"name":"wp","href":"https:\/\/api.w.org\/{rel}","templated":true}]}}