{"id":2844,"date":"2019-08-17T08:58:34","date_gmt":"2019-08-17T06:58:34","guid":{"rendered":"https:\/\/diktardagar.no\/2013\/?p=2844"},"modified":"2019-08-17T08:58:34","modified_gmt":"2019-08-17T06:58:34","slug":"fjeldeventyret-og-det-norske-sjolvbiletet","status":"publish","type":"post","link":"https:\/\/diktardagar.no\/2013\/fjeldeventyret-og-det-norske-sjolvbiletet\/","title":{"rendered":"Fjeldeventyret og det norske sj\u00f8lvbiletet"},"content":{"rendered":"\n<p>Henrik Anker Bjerregaard var sorenskrivarson\nfr\u00e5 V\u00e5g\u00e5, det var han som skreiv syngespelet Fjeldeventyret i 1824, Waldemar\nThrane sette musikk til. \u201dBjerregaards Skaal!\u201d kombinerer musikken fr\u00e5 dette\nstykket med k\u00e5seri om kva det vil seie \u00e5 vere norsk. Det er Mette V\u00e5rdal som\nhar skrive tekstane, og det er ogs\u00e5 ho som framf\u00f8rer dei. Camilla Granlien syng\nog spelar kontrabass, Halvor Kjerkreit spelar baryton og bratsj, og Vegar\nV\u00e5rdal spelar fiolin, hardingfele og tenorbratsj. Erik Sch\u00f8yen har regien. <\/p>\n\n\n\n<p>Premieren p\u00e5 stykket kan du f\u00e5 med deg p\u00e5\nnyopna Andre Etasje i V\u00e5g\u00e5 vil \u201dBjerregaards Skaal!\u201d sundag under Diktardagar.\nHer er det ogs\u00e5 mogleg \u00e5 bestille ein betre middag f\u00f8r premieren. <\/p>\n","protected":false},"excerpt":{"rendered":"<p>Henrik Anker Bjerregaard var sorenskrivarson fr\u00e5 V\u00e5g\u00e5, det var han som skreiv syngespelet Fjeldeventyret i 1824, Waldemar Thrane sette musikk til. \u201dBjerregaards Skaal!\u201d kombinerer musikken fr\u00e5 dette stykket med k\u00e5seri om kva det vil seie \u00e5 vere norsk. Det er Mette V\u00e5rdal som har skrive tekstane, og det er ogs\u00e5 ho som framf\u00f8rer dei. Camilla&hellip;<\/p>\n","protected":false},"author":127,"featured_media":2633,"comment_status":"closed","ping_status":"open","sticky":false,"template":"","format":"standard","meta":{"footnotes":""},"categories":[],"tags":[],"class_list":["post-2844","post","type-post","status-publish","format-standard","has-post-thumbnail","hentry"],"yoast_head":"<!-- This site is optimized with the Yoast SEO plugin v27.5 - https:\/\/yoast.com\/product\/yoast-seo-wordpress\/ -->\n<title>Fjeldeventyret og det norske sj\u00f8lvbiletet - Diktardagar 2013<\/title>\n<meta name=\"robots\" content=\"index, follow, max-snippet:-1, max-image-preview:large, max-video-preview:-1\" \/>\n<link rel=\"canonical\" href=\"https:\/\/diktardagar.no\/2013\/fjeldeventyret-og-det-norske-sjolvbiletet\/\" class=\"yoast-seo-meta-tag\" \/>\n<meta property=\"og:locale\" content=\"nb_NO\" class=\"yoast-seo-meta-tag\" \/>\n<meta property=\"og:type\" content=\"article\" class=\"yoast-seo-meta-tag\" \/>\n<meta property=\"og:title\" content=\"Fjeldeventyret og det norske sj\u00f8lvbiletet - Diktardagar 2013\" class=\"yoast-seo-meta-tag\" \/>\n<meta property=\"og:description\" content=\"Henrik Anker Bjerregaard var sorenskrivarson fr\u00e5 V\u00e5g\u00e5, det var han som skreiv syngespelet Fjeldeventyret i 1824, Waldemar Thrane sette musikk til. \u201dBjerregaards Skaal!\u201d kombinerer musikken fr\u00e5 dette stykket med k\u00e5seri om kva det vil seie \u00e5 vere norsk. Det er Mette V\u00e5rdal som har skrive tekstane, og det er ogs\u00e5 ho som framf\u00f8rer dei. Camilla&hellip;\" class=\"yoast-seo-meta-tag\" \/>\n<meta property=\"og:url\" content=\"https:\/\/diktardagar.no\/2013\/fjeldeventyret-og-det-norske-sjolvbiletet\/\" class=\"yoast-seo-meta-tag\" \/>\n<meta property=\"og:site_name\" content=\"Diktardagar 2013\" class=\"yoast-seo-meta-tag\" \/>\n<meta property=\"article:published_time\" content=\"2019-08-17T06:58:34+00:00\" class=\"yoast-seo-meta-tag\" \/>\n<meta property=\"og:image\" content=\"https:\/\/diktardagar.no\/2013\/wp-content\/uploads\/sites\/13\/2019\/05\/mettev-1.jpg\" class=\"yoast-seo-meta-tag\" \/>\n\t<meta property=\"og:image:width\" content=\"5862\" class=\"yoast-seo-meta-tag\" \/>\n\t<meta property=\"og:image:height\" content=\"3908\" class=\"yoast-seo-meta-tag\" \/>\n\t<meta property=\"og:image:type\" content=\"image\/jpeg\" class=\"yoast-seo-meta-tag\" \/>\n<meta name=\"author\" content=\"Kari Anne Skjaak\" class=\"yoast-seo-meta-tag\" \/>\n<meta name=\"twitter:card\" content=\"summary_large_image\" class=\"yoast-seo-meta-tag\" \/>\n<meta name=\"twitter:label1\" content=\"Skrevet av\" class=\"yoast-seo-meta-tag\" \/>\n\t<meta name=\"twitter:data1\" content=\"Kari Anne Skjaak\" class=\"yoast-seo-meta-tag\" \/>\n\t<meta name=\"twitter:label2\" content=\"Ansl. lesetid\" class=\"yoast-seo-meta-tag\" \/>\n\t<meta name=\"twitter:data2\" content=\"1 minutt\" class=\"yoast-seo-meta-tag\" \/>\n<script type=\"application\/ld+json\" class=\"yoast-schema-graph\">{\"@context\":\"https:\\\/\\\/schema.org\",\"@graph\":[{\"@type\":\"Article\",\"@id\":\"https:\\\/\\\/diktardagar.no\\\/2013\\\/fjeldeventyret-og-det-norske-sjolvbiletet\\\/#article\",\"isPartOf\":{\"@id\":\"https:\\\/\\\/diktardagar.no\\\/2013\\\/fjeldeventyret-og-det-norske-sjolvbiletet\\\/\"},\"author\":{\"name\":\"Kari Anne Skjaak\",\"@id\":\"https:\\\/\\\/diktardagar.no\\\/2013\\\/#\\\/schema\\\/person\\\/9465b0f760a30863ffd0b18eb17445a8\"},\"headline\":\"Fjeldeventyret og det norske sj\u00f8lvbiletet\",\"datePublished\":\"2019-08-17T06:58:34+00:00\",\"mainEntityOfPage\":{\"@id\":\"https:\\\/\\\/diktardagar.no\\\/2013\\\/fjeldeventyret-og-det-norske-sjolvbiletet\\\/\"},\"wordCount\":121,\"image\":{\"@id\":\"https:\\\/\\\/diktardagar.no\\\/2013\\\/fjeldeventyret-og-det-norske-sjolvbiletet\\\/#primaryimage\"},\"thumbnailUrl\":\"https:\\\/\\\/diktardagar.no\\\/2013\\\/wp-content\\\/uploads\\\/sites\\\/13\\\/2019\\\/05\\\/mettev-1.jpg\",\"inLanguage\":\"nb-NO\"},{\"@type\":\"WebPage\",\"@id\":\"https:\\\/\\\/diktardagar.no\\\/2013\\\/fjeldeventyret-og-det-norske-sjolvbiletet\\\/\",\"url\":\"https:\\\/\\\/diktardagar.no\\\/2013\\\/fjeldeventyret-og-det-norske-sjolvbiletet\\\/\",\"name\":\"Fjeldeventyret og det norske sj\u00f8lvbiletet - Diktardagar 2013\",\"isPartOf\":{\"@id\":\"https:\\\/\\\/diktardagar.no\\\/2013\\\/#website\"},\"primaryImageOfPage\":{\"@id\":\"https:\\\/\\\/diktardagar.no\\\/2013\\\/fjeldeventyret-og-det-norske-sjolvbiletet\\\/#primaryimage\"},\"image\":{\"@id\":\"https:\\\/\\\/diktardagar.no\\\/2013\\\/fjeldeventyret-og-det-norske-sjolvbiletet\\\/#primaryimage\"},\"thumbnailUrl\":\"https:\\\/\\\/diktardagar.no\\\/2013\\\/wp-content\\\/uploads\\\/sites\\\/13\\\/2019\\\/05\\\/mettev-1.jpg\",\"datePublished\":\"2019-08-17T06:58:34+00:00\",\"author\":{\"@id\":\"https:\\\/\\\/diktardagar.no\\\/2013\\\/#\\\/schema\\\/person\\\/9465b0f760a30863ffd0b18eb17445a8\"},\"breadcrumb\":{\"@id\":\"https:\\\/\\\/diktardagar.no\\\/2013\\\/fjeldeventyret-og-det-norske-sjolvbiletet\\\/#breadcrumb\"},\"inLanguage\":\"nb-NO\",\"potentialAction\":[{\"@type\":\"ReadAction\",\"target\":[\"https:\\\/\\\/diktardagar.no\\\/2013\\\/fjeldeventyret-og-det-norske-sjolvbiletet\\\/\"]}]},{\"@type\":\"ImageObject\",\"inLanguage\":\"nb-NO\",\"@id\":\"https:\\\/\\\/diktardagar.no\\\/2013\\\/fjeldeventyret-og-det-norske-sjolvbiletet\\\/#primaryimage\",\"url\":\"https:\\\/\\\/diktardagar.no\\\/2013\\\/wp-content\\\/uploads\\\/sites\\\/13\\\/2019\\\/05\\\/mettev-1.jpg\",\"contentUrl\":\"https:\\\/\\\/diktardagar.no\\\/2013\\\/wp-content\\\/uploads\\\/sites\\\/13\\\/2019\\\/05\\\/mettev-1.jpg\",\"width\":5862,\"height\":3908},{\"@type\":\"BreadcrumbList\",\"@id\":\"https:\\\/\\\/diktardagar.no\\\/2013\\\/fjeldeventyret-og-det-norske-sjolvbiletet\\\/#breadcrumb\",\"itemListElement\":[{\"@type\":\"ListItem\",\"position\":1,\"name\":\"Hjem\",\"item\":\"https:\\\/\\\/diktardagar.no\\\/2013\\\/\"},{\"@type\":\"ListItem\",\"position\":2,\"name\":\"Fjeldeventyret og det norske sj\u00f8lvbiletet\"}]},{\"@type\":\"WebSite\",\"@id\":\"https:\\\/\\\/diktardagar.no\\\/2013\\\/#website\",\"url\":\"https:\\\/\\\/diktardagar.no\\\/2013\\\/\",\"name\":\"Diktardagar 2013\",\"description\":\"\",\"potentialAction\":[{\"@type\":\"SearchAction\",\"target\":{\"@type\":\"EntryPoint\",\"urlTemplate\":\"https:\\\/\\\/diktardagar.no\\\/2013\\\/?s={search_term_string}\"},\"query-input\":{\"@type\":\"PropertyValueSpecification\",\"valueRequired\":true,\"valueName\":\"search_term_string\"}}],\"inLanguage\":\"nb-NO\"},{\"@type\":\"Person\",\"@id\":\"https:\\\/\\\/diktardagar.no\\\/2013\\\/#\\\/schema\\\/person\\\/9465b0f760a30863ffd0b18eb17445a8\",\"name\":\"Kari Anne Skjaak\",\"image\":{\"@type\":\"ImageObject\",\"inLanguage\":\"nb-NO\",\"@id\":\"https:\\\/\\\/secure.gravatar.com\\\/avatar\\\/45fce48bf9efe40deebed87264dce4638299cc0e9f035507924b9b8a115a02eb?s=96&d=mm&r=g\",\"url\":\"https:\\\/\\\/secure.gravatar.com\\\/avatar\\\/45fce48bf9efe40deebed87264dce4638299cc0e9f035507924b9b8a115a02eb?s=96&d=mm&r=g\",\"contentUrl\":\"https:\\\/\\\/secure.gravatar.com\\\/avatar\\\/45fce48bf9efe40deebed87264dce4638299cc0e9f035507924b9b8a115a02eb?s=96&d=mm&r=g\",\"caption\":\"Kari Anne Skjaak\"},\"url\":\"https:\\\/\\\/diktardagar.no\\\/2013\\\/author\\\/kaskjaak\\\/\"}]}<\/script>\n<!-- \/ Yoast SEO plugin. -->","yoast_head_json":{"title":"Fjeldeventyret og det norske sj\u00f8lvbiletet - Diktardagar 2013","robots":{"index":"index","follow":"follow","max-snippet":"max-snippet:-1","max-image-preview":"max-image-preview:large","max-video-preview":"max-video-preview:-1"},"canonical":"https:\/\/diktardagar.no\/2013\/fjeldeventyret-og-det-norske-sjolvbiletet\/","og_locale":"nb_NO","og_type":"article","og_title":"Fjeldeventyret og det norske sj\u00f8lvbiletet - Diktardagar 2013","og_description":"Henrik Anker Bjerregaard var sorenskrivarson fr\u00e5 V\u00e5g\u00e5, det var han som skreiv syngespelet Fjeldeventyret i 1824, Waldemar Thrane sette musikk til. \u201dBjerregaards Skaal!\u201d kombinerer musikken fr\u00e5 dette stykket med k\u00e5seri om kva det vil seie \u00e5 vere norsk. Det er Mette V\u00e5rdal som har skrive tekstane, og det er ogs\u00e5 ho som framf\u00f8rer dei. Camilla&hellip;","og_url":"https:\/\/diktardagar.no\/2013\/fjeldeventyret-og-det-norske-sjolvbiletet\/","og_site_name":"Diktardagar 2013","article_published_time":"2019-08-17T06:58:34+00:00","og_image":[{"width":5862,"height":3908,"url":"https:\/\/diktardagar.no\/2013\/wp-content\/uploads\/sites\/13\/2019\/05\/mettev-1.jpg","type":"image\/jpeg"}],"author":"Kari Anne Skjaak","twitter_card":"summary_large_image","twitter_misc":{"Skrevet av":"Kari Anne Skjaak","Ansl. lesetid":"1 minutt"},"schema":{"@context":"https:\/\/schema.org","@graph":[{"@type":"Article","@id":"https:\/\/diktardagar.no\/2013\/fjeldeventyret-og-det-norske-sjolvbiletet\/#article","isPartOf":{"@id":"https:\/\/diktardagar.no\/2013\/fjeldeventyret-og-det-norske-sjolvbiletet\/"},"author":{"name":"Kari Anne Skjaak","@id":"https:\/\/diktardagar.no\/2013\/#\/schema\/person\/9465b0f760a30863ffd0b18eb17445a8"},"headline":"Fjeldeventyret og det norske sj\u00f8lvbiletet","datePublished":"2019-08-17T06:58:34+00:00","mainEntityOfPage":{"@id":"https:\/\/diktardagar.no\/2013\/fjeldeventyret-og-det-norske-sjolvbiletet\/"},"wordCount":121,"image":{"@id":"https:\/\/diktardagar.no\/2013\/fjeldeventyret-og-det-norske-sjolvbiletet\/#primaryimage"},"thumbnailUrl":"https:\/\/diktardagar.no\/2013\/wp-content\/uploads\/sites\/13\/2019\/05\/mettev-1.jpg","inLanguage":"nb-NO"},{"@type":"WebPage","@id":"https:\/\/diktardagar.no\/2013\/fjeldeventyret-og-det-norske-sjolvbiletet\/","url":"https:\/\/diktardagar.no\/2013\/fjeldeventyret-og-det-norske-sjolvbiletet\/","name":"Fjeldeventyret og det norske sj\u00f8lvbiletet - Diktardagar 2013","isPartOf":{"@id":"https:\/\/diktardagar.no\/2013\/#website"},"primaryImageOfPage":{"@id":"https:\/\/diktardagar.no\/2013\/fjeldeventyret-og-det-norske-sjolvbiletet\/#primaryimage"},"image":{"@id":"https:\/\/diktardagar.no\/2013\/fjeldeventyret-og-det-norske-sjolvbiletet\/#primaryimage"},"thumbnailUrl":"https:\/\/diktardagar.no\/2013\/wp-content\/uploads\/sites\/13\/2019\/05\/mettev-1.jpg","datePublished":"2019-08-17T06:58:34+00:00","author":{"@id":"https:\/\/diktardagar.no\/2013\/#\/schema\/person\/9465b0f760a30863ffd0b18eb17445a8"},"breadcrumb":{"@id":"https:\/\/diktardagar.no\/2013\/fjeldeventyret-og-det-norske-sjolvbiletet\/#breadcrumb"},"inLanguage":"nb-NO","potentialAction":[{"@type":"ReadAction","target":["https:\/\/diktardagar.no\/2013\/fjeldeventyret-og-det-norske-sjolvbiletet\/"]}]},{"@type":"ImageObject","inLanguage":"nb-NO","@id":"https:\/\/diktardagar.no\/2013\/fjeldeventyret-og-det-norske-sjolvbiletet\/#primaryimage","url":"https:\/\/diktardagar.no\/2013\/wp-content\/uploads\/sites\/13\/2019\/05\/mettev-1.jpg","contentUrl":"https:\/\/diktardagar.no\/2013\/wp-content\/uploads\/sites\/13\/2019\/05\/mettev-1.jpg","width":5862,"height":3908},{"@type":"BreadcrumbList","@id":"https:\/\/diktardagar.no\/2013\/fjeldeventyret-og-det-norske-sjolvbiletet\/#breadcrumb","itemListElement":[{"@type":"ListItem","position":1,"name":"Hjem","item":"https:\/\/diktardagar.no\/2013\/"},{"@type":"ListItem","position":2,"name":"Fjeldeventyret og det norske sj\u00f8lvbiletet"}]},{"@type":"WebSite","@id":"https:\/\/diktardagar.no\/2013\/#website","url":"https:\/\/diktardagar.no\/2013\/","name":"Diktardagar 2013","description":"","potentialAction":[{"@type":"SearchAction","target":{"@type":"EntryPoint","urlTemplate":"https:\/\/diktardagar.no\/2013\/?s={search_term_string}"},"query-input":{"@type":"PropertyValueSpecification","valueRequired":true,"valueName":"search_term_string"}}],"inLanguage":"nb-NO"},{"@type":"Person","@id":"https:\/\/diktardagar.no\/2013\/#\/schema\/person\/9465b0f760a30863ffd0b18eb17445a8","name":"Kari Anne Skjaak","image":{"@type":"ImageObject","inLanguage":"nb-NO","@id":"https:\/\/secure.gravatar.com\/avatar\/45fce48bf9efe40deebed87264dce4638299cc0e9f035507924b9b8a115a02eb?s=96&d=mm&r=g","url":"https:\/\/secure.gravatar.com\/avatar\/45fce48bf9efe40deebed87264dce4638299cc0e9f035507924b9b8a115a02eb?s=96&d=mm&r=g","contentUrl":"https:\/\/secure.gravatar.com\/avatar\/45fce48bf9efe40deebed87264dce4638299cc0e9f035507924b9b8a115a02eb?s=96&d=mm&r=g","caption":"Kari Anne Skjaak"},"url":"https:\/\/diktardagar.no\/2013\/author\/kaskjaak\/"}]}},"_links":{"self":[{"href":"https:\/\/diktardagar.no\/2013\/wp-json\/wp\/v2\/posts\/2844","targetHints":{"allow":["GET"]}}],"collection":[{"href":"https:\/\/diktardagar.no\/2013\/wp-json\/wp\/v2\/posts"}],"about":[{"href":"https:\/\/diktardagar.no\/2013\/wp-json\/wp\/v2\/types\/post"}],"author":[{"embeddable":true,"href":"https:\/\/diktardagar.no\/2013\/wp-json\/wp\/v2\/users\/127"}],"replies":[{"embeddable":true,"href":"https:\/\/diktardagar.no\/2013\/wp-json\/wp\/v2\/comments?post=2844"}],"version-history":[{"count":1,"href":"https:\/\/diktardagar.no\/2013\/wp-json\/wp\/v2\/posts\/2844\/revisions"}],"predecessor-version":[{"id":2845,"href":"https:\/\/diktardagar.no\/2013\/wp-json\/wp\/v2\/posts\/2844\/revisions\/2845"}],"wp:featuredmedia":[{"embeddable":true,"href":"https:\/\/diktardagar.no\/2013\/wp-json\/wp\/v2\/media\/2633"}],"wp:attachment":[{"href":"https:\/\/diktardagar.no\/2013\/wp-json\/wp\/v2\/media?parent=2844"}],"wp:term":[{"taxonomy":"category","embeddable":true,"href":"https:\/\/diktardagar.no\/2013\/wp-json\/wp\/v2\/categories?post=2844"},{"taxonomy":"post_tag","embeddable":true,"href":"https:\/\/diktardagar.no\/2013\/wp-json\/wp\/v2\/tags?post=2844"}],"curies":[{"name":"wp","href":"https:\/\/api.w.org\/{rel}","templated":true}]}}