{"id":2837,"date":"2019-08-10T10:05:59","date_gmt":"2019-08-10T08:05:59","guid":{"rendered":"https:\/\/diktardagar.no\/2013\/?p=2837"},"modified":"2019-08-10T10:05:59","modified_gmt":"2019-08-10T08:05:59","slug":"brit-bildoen-til-arets-seminar","status":"publish","type":"post","link":"https:\/\/diktardagar.no\/2013\/brit-bildoen-til-arets-seminar\/","title":{"rendered":"Brit Bild\u00f8en til \u00e5rets seminar"},"content":{"rendered":"\n<p>Brit Bild\u00f8en vil delta under \u00e5rets seminar p\u00e5 Aukrust, tittelen p\u00e5 innlegget hennar vil vere &laquo;\u00c5 kjempe mot vindm\u00f8ller. Fr\u00e5 Don Quijote til Jon Utskott.&raquo; Elles vil Cato Schi\u00f8tz, Eirik Vassenden og Jan Inge S\u00f8rb\u00f8 delta som innleiarar, medan Even Lus\u00e6ter og Natasja Rybak saman med Josefinekoret st\u00e5r for dei musikalske og poetiske innslaga. <\/p>\n","protected":false},"excerpt":{"rendered":"<p>Brit Bild\u00f8en vil delta under \u00e5rets seminar p\u00e5 Aukrust, tittelen p\u00e5 innlegget hennar vil vere &laquo;\u00c5 kjempe mot vindm\u00f8ller. Fr\u00e5 Don Quijote til Jon Utskott.&raquo; Elles vil Cato Schi\u00f8tz, Eirik Vassenden og Jan Inge S\u00f8rb\u00f8 delta som innleiarar, medan Even Lus\u00e6ter og Natasja Rybak saman med Josefinekoret st\u00e5r for dei musikalske og poetiske innslaga.<\/p>\n","protected":false},"author":127,"featured_media":2839,"comment_status":"closed","ping_status":"open","sticky":false,"template":"","format":"standard","meta":{"footnotes":""},"categories":[],"tags":[],"class_list":["post-2837","post","type-post","status-publish","format-standard","has-post-thumbnail","hentry"],"yoast_head":"<!-- This site is optimized with the Yoast SEO plugin v27.5 - https:\/\/yoast.com\/product\/yoast-seo-wordpress\/ -->\n<title>Brit Bild\u00f8en til \u00e5rets seminar - Diktardagar 2013<\/title>\n<meta name=\"robots\" content=\"index, follow, max-snippet:-1, max-image-preview:large, max-video-preview:-1\" \/>\n<link rel=\"canonical\" href=\"https:\/\/diktardagar.no\/2013\/brit-bildoen-til-arets-seminar\/\" class=\"yoast-seo-meta-tag\" \/>\n<meta property=\"og:locale\" content=\"nb_NO\" class=\"yoast-seo-meta-tag\" \/>\n<meta property=\"og:type\" content=\"article\" class=\"yoast-seo-meta-tag\" \/>\n<meta property=\"og:title\" content=\"Brit Bild\u00f8en til \u00e5rets seminar - Diktardagar 2013\" class=\"yoast-seo-meta-tag\" \/>\n<meta property=\"og:description\" content=\"Brit Bild\u00f8en vil delta under \u00e5rets seminar p\u00e5 Aukrust, tittelen p\u00e5 innlegget hennar vil vere &laquo;\u00c5 kjempe mot vindm\u00f8ller. Fr\u00e5 Don Quijote til Jon Utskott.&raquo; Elles vil Cato Schi\u00f8tz, Eirik Vassenden og Jan Inge S\u00f8rb\u00f8 delta som innleiarar, medan Even Lus\u00e6ter og Natasja Rybak saman med Josefinekoret st\u00e5r for dei musikalske og poetiske innslaga.\" class=\"yoast-seo-meta-tag\" \/>\n<meta property=\"og:url\" content=\"https:\/\/diktardagar.no\/2013\/brit-bildoen-til-arets-seminar\/\" class=\"yoast-seo-meta-tag\" \/>\n<meta property=\"og:site_name\" content=\"Diktardagar 2013\" class=\"yoast-seo-meta-tag\" \/>\n<meta property=\"article:published_time\" content=\"2019-08-10T08:05:59+00:00\" class=\"yoast-seo-meta-tag\" \/>\n<meta property=\"og:image\" content=\"https:\/\/diktardagar.no\/2013\/wp-content\/uploads\/sites\/13\/2019\/08\/seminar2019.jpg\" class=\"yoast-seo-meta-tag\" \/>\n\t<meta property=\"og:image:width\" content=\"566\" class=\"yoast-seo-meta-tag\" \/>\n\t<meta property=\"og:image:height\" content=\"283\" class=\"yoast-seo-meta-tag\" \/>\n\t<meta property=\"og:image:type\" content=\"image\/jpeg\" class=\"yoast-seo-meta-tag\" \/>\n<meta name=\"author\" content=\"Kari Anne Skjaak\" class=\"yoast-seo-meta-tag\" \/>\n<meta name=\"twitter:card\" content=\"summary_large_image\" class=\"yoast-seo-meta-tag\" \/>\n<meta name=\"twitter:label1\" content=\"Skrevet av\" class=\"yoast-seo-meta-tag\" \/>\n\t<meta name=\"twitter:data1\" content=\"Kari Anne Skjaak\" class=\"yoast-seo-meta-tag\" \/>\n<script type=\"application\/ld+json\" class=\"yoast-schema-graph\">{\"@context\":\"https:\\\/\\\/schema.org\",\"@graph\":[{\"@type\":\"Article\",\"@id\":\"https:\\\/\\\/diktardagar.no\\\/2013\\\/brit-bildoen-til-arets-seminar\\\/#article\",\"isPartOf\":{\"@id\":\"https:\\\/\\\/diktardagar.no\\\/2013\\\/brit-bildoen-til-arets-seminar\\\/\"},\"author\":{\"name\":\"Kari Anne Skjaak\",\"@id\":\"https:\\\/\\\/diktardagar.no\\\/2013\\\/#\\\/schema\\\/person\\\/9465b0f760a30863ffd0b18eb17445a8\"},\"headline\":\"Brit Bild\u00f8en til \u00e5rets seminar\",\"datePublished\":\"2019-08-10T08:05:59+00:00\",\"mainEntityOfPage\":{\"@id\":\"https:\\\/\\\/diktardagar.no\\\/2013\\\/brit-bildoen-til-arets-seminar\\\/\"},\"wordCount\":65,\"image\":{\"@id\":\"https:\\\/\\\/diktardagar.no\\\/2013\\\/brit-bildoen-til-arets-seminar\\\/#primaryimage\"},\"thumbnailUrl\":\"https:\\\/\\\/diktardagar.no\\\/2013\\\/wp-content\\\/uploads\\\/sites\\\/13\\\/2019\\\/08\\\/seminar2019.jpg\",\"inLanguage\":\"nb-NO\"},{\"@type\":\"WebPage\",\"@id\":\"https:\\\/\\\/diktardagar.no\\\/2013\\\/brit-bildoen-til-arets-seminar\\\/\",\"url\":\"https:\\\/\\\/diktardagar.no\\\/2013\\\/brit-bildoen-til-arets-seminar\\\/\",\"name\":\"Brit Bild\u00f8en til \u00e5rets seminar - Diktardagar 2013\",\"isPartOf\":{\"@id\":\"https:\\\/\\\/diktardagar.no\\\/2013\\\/#website\"},\"primaryImageOfPage\":{\"@id\":\"https:\\\/\\\/diktardagar.no\\\/2013\\\/brit-bildoen-til-arets-seminar\\\/#primaryimage\"},\"image\":{\"@id\":\"https:\\\/\\\/diktardagar.no\\\/2013\\\/brit-bildoen-til-arets-seminar\\\/#primaryimage\"},\"thumbnailUrl\":\"https:\\\/\\\/diktardagar.no\\\/2013\\\/wp-content\\\/uploads\\\/sites\\\/13\\\/2019\\\/08\\\/seminar2019.jpg\",\"datePublished\":\"2019-08-10T08:05:59+00:00\",\"author\":{\"@id\":\"https:\\\/\\\/diktardagar.no\\\/2013\\\/#\\\/schema\\\/person\\\/9465b0f760a30863ffd0b18eb17445a8\"},\"breadcrumb\":{\"@id\":\"https:\\\/\\\/diktardagar.no\\\/2013\\\/brit-bildoen-til-arets-seminar\\\/#breadcrumb\"},\"inLanguage\":\"nb-NO\",\"potentialAction\":[{\"@type\":\"ReadAction\",\"target\":[\"https:\\\/\\\/diktardagar.no\\\/2013\\\/brit-bildoen-til-arets-seminar\\\/\"]}]},{\"@type\":\"ImageObject\",\"inLanguage\":\"nb-NO\",\"@id\":\"https:\\\/\\\/diktardagar.no\\\/2013\\\/brit-bildoen-til-arets-seminar\\\/#primaryimage\",\"url\":\"https:\\\/\\\/diktardagar.no\\\/2013\\\/wp-content\\\/uploads\\\/sites\\\/13\\\/2019\\\/08\\\/seminar2019.jpg\",\"contentUrl\":\"https:\\\/\\\/diktardagar.no\\\/2013\\\/wp-content\\\/uploads\\\/sites\\\/13\\\/2019\\\/08\\\/seminar2019.jpg\",\"width\":566,\"height\":283},{\"@type\":\"BreadcrumbList\",\"@id\":\"https:\\\/\\\/diktardagar.no\\\/2013\\\/brit-bildoen-til-arets-seminar\\\/#breadcrumb\",\"itemListElement\":[{\"@type\":\"ListItem\",\"position\":1,\"name\":\"Hjem\",\"item\":\"https:\\\/\\\/diktardagar.no\\\/2013\\\/\"},{\"@type\":\"ListItem\",\"position\":2,\"name\":\"Brit Bild\u00f8en til \u00e5rets seminar\"}]},{\"@type\":\"WebSite\",\"@id\":\"https:\\\/\\\/diktardagar.no\\\/2013\\\/#website\",\"url\":\"https:\\\/\\\/diktardagar.no\\\/2013\\\/\",\"name\":\"Diktardagar 2013\",\"description\":\"\",\"potentialAction\":[{\"@type\":\"SearchAction\",\"target\":{\"@type\":\"EntryPoint\",\"urlTemplate\":\"https:\\\/\\\/diktardagar.no\\\/2013\\\/?s={search_term_string}\"},\"query-input\":{\"@type\":\"PropertyValueSpecification\",\"valueRequired\":true,\"valueName\":\"search_term_string\"}}],\"inLanguage\":\"nb-NO\"},{\"@type\":\"Person\",\"@id\":\"https:\\\/\\\/diktardagar.no\\\/2013\\\/#\\\/schema\\\/person\\\/9465b0f760a30863ffd0b18eb17445a8\",\"name\":\"Kari Anne Skjaak\",\"image\":{\"@type\":\"ImageObject\",\"inLanguage\":\"nb-NO\",\"@id\":\"https:\\\/\\\/secure.gravatar.com\\\/avatar\\\/45fce48bf9efe40deebed87264dce4638299cc0e9f035507924b9b8a115a02eb?s=96&d=mm&r=g\",\"url\":\"https:\\\/\\\/secure.gravatar.com\\\/avatar\\\/45fce48bf9efe40deebed87264dce4638299cc0e9f035507924b9b8a115a02eb?s=96&d=mm&r=g\",\"contentUrl\":\"https:\\\/\\\/secure.gravatar.com\\\/avatar\\\/45fce48bf9efe40deebed87264dce4638299cc0e9f035507924b9b8a115a02eb?s=96&d=mm&r=g\",\"caption\":\"Kari Anne Skjaak\"},\"url\":\"https:\\\/\\\/diktardagar.no\\\/2013\\\/author\\\/kaskjaak\\\/\"}]}<\/script>\n<!-- \/ Yoast SEO plugin. -->","yoast_head_json":{"title":"Brit Bild\u00f8en til \u00e5rets seminar - Diktardagar 2013","robots":{"index":"index","follow":"follow","max-snippet":"max-snippet:-1","max-image-preview":"max-image-preview:large","max-video-preview":"max-video-preview:-1"},"canonical":"https:\/\/diktardagar.no\/2013\/brit-bildoen-til-arets-seminar\/","og_locale":"nb_NO","og_type":"article","og_title":"Brit Bild\u00f8en til \u00e5rets seminar - Diktardagar 2013","og_description":"Brit Bild\u00f8en vil delta under \u00e5rets seminar p\u00e5 Aukrust, tittelen p\u00e5 innlegget hennar vil vere &laquo;\u00c5 kjempe mot vindm\u00f8ller. Fr\u00e5 Don Quijote til Jon Utskott.&raquo; Elles vil Cato Schi\u00f8tz, Eirik Vassenden og Jan Inge S\u00f8rb\u00f8 delta som innleiarar, medan Even Lus\u00e6ter og Natasja Rybak saman med Josefinekoret st\u00e5r for dei musikalske og poetiske innslaga.","og_url":"https:\/\/diktardagar.no\/2013\/brit-bildoen-til-arets-seminar\/","og_site_name":"Diktardagar 2013","article_published_time":"2019-08-10T08:05:59+00:00","og_image":[{"width":566,"height":283,"url":"https:\/\/diktardagar.no\/2013\/wp-content\/uploads\/sites\/13\/2019\/08\/seminar2019.jpg","type":"image\/jpeg"}],"author":"Kari Anne Skjaak","twitter_card":"summary_large_image","twitter_misc":{"Skrevet av":"Kari Anne Skjaak"},"schema":{"@context":"https:\/\/schema.org","@graph":[{"@type":"Article","@id":"https:\/\/diktardagar.no\/2013\/brit-bildoen-til-arets-seminar\/#article","isPartOf":{"@id":"https:\/\/diktardagar.no\/2013\/brit-bildoen-til-arets-seminar\/"},"author":{"name":"Kari Anne Skjaak","@id":"https:\/\/diktardagar.no\/2013\/#\/schema\/person\/9465b0f760a30863ffd0b18eb17445a8"},"headline":"Brit Bild\u00f8en til \u00e5rets seminar","datePublished":"2019-08-10T08:05:59+00:00","mainEntityOfPage":{"@id":"https:\/\/diktardagar.no\/2013\/brit-bildoen-til-arets-seminar\/"},"wordCount":65,"image":{"@id":"https:\/\/diktardagar.no\/2013\/brit-bildoen-til-arets-seminar\/#primaryimage"},"thumbnailUrl":"https:\/\/diktardagar.no\/2013\/wp-content\/uploads\/sites\/13\/2019\/08\/seminar2019.jpg","inLanguage":"nb-NO"},{"@type":"WebPage","@id":"https:\/\/diktardagar.no\/2013\/brit-bildoen-til-arets-seminar\/","url":"https:\/\/diktardagar.no\/2013\/brit-bildoen-til-arets-seminar\/","name":"Brit Bild\u00f8en til \u00e5rets seminar - Diktardagar 2013","isPartOf":{"@id":"https:\/\/diktardagar.no\/2013\/#website"},"primaryImageOfPage":{"@id":"https:\/\/diktardagar.no\/2013\/brit-bildoen-til-arets-seminar\/#primaryimage"},"image":{"@id":"https:\/\/diktardagar.no\/2013\/brit-bildoen-til-arets-seminar\/#primaryimage"},"thumbnailUrl":"https:\/\/diktardagar.no\/2013\/wp-content\/uploads\/sites\/13\/2019\/08\/seminar2019.jpg","datePublished":"2019-08-10T08:05:59+00:00","author":{"@id":"https:\/\/diktardagar.no\/2013\/#\/schema\/person\/9465b0f760a30863ffd0b18eb17445a8"},"breadcrumb":{"@id":"https:\/\/diktardagar.no\/2013\/brit-bildoen-til-arets-seminar\/#breadcrumb"},"inLanguage":"nb-NO","potentialAction":[{"@type":"ReadAction","target":["https:\/\/diktardagar.no\/2013\/brit-bildoen-til-arets-seminar\/"]}]},{"@type":"ImageObject","inLanguage":"nb-NO","@id":"https:\/\/diktardagar.no\/2013\/brit-bildoen-til-arets-seminar\/#primaryimage","url":"https:\/\/diktardagar.no\/2013\/wp-content\/uploads\/sites\/13\/2019\/08\/seminar2019.jpg","contentUrl":"https:\/\/diktardagar.no\/2013\/wp-content\/uploads\/sites\/13\/2019\/08\/seminar2019.jpg","width":566,"height":283},{"@type":"BreadcrumbList","@id":"https:\/\/diktardagar.no\/2013\/brit-bildoen-til-arets-seminar\/#breadcrumb","itemListElement":[{"@type":"ListItem","position":1,"name":"Hjem","item":"https:\/\/diktardagar.no\/2013\/"},{"@type":"ListItem","position":2,"name":"Brit Bild\u00f8en til \u00e5rets seminar"}]},{"@type":"WebSite","@id":"https:\/\/diktardagar.no\/2013\/#website","url":"https:\/\/diktardagar.no\/2013\/","name":"Diktardagar 2013","description":"","potentialAction":[{"@type":"SearchAction","target":{"@type":"EntryPoint","urlTemplate":"https:\/\/diktardagar.no\/2013\/?s={search_term_string}"},"query-input":{"@type":"PropertyValueSpecification","valueRequired":true,"valueName":"search_term_string"}}],"inLanguage":"nb-NO"},{"@type":"Person","@id":"https:\/\/diktardagar.no\/2013\/#\/schema\/person\/9465b0f760a30863ffd0b18eb17445a8","name":"Kari Anne Skjaak","image":{"@type":"ImageObject","inLanguage":"nb-NO","@id":"https:\/\/secure.gravatar.com\/avatar\/45fce48bf9efe40deebed87264dce4638299cc0e9f035507924b9b8a115a02eb?s=96&d=mm&r=g","url":"https:\/\/secure.gravatar.com\/avatar\/45fce48bf9efe40deebed87264dce4638299cc0e9f035507924b9b8a115a02eb?s=96&d=mm&r=g","contentUrl":"https:\/\/secure.gravatar.com\/avatar\/45fce48bf9efe40deebed87264dce4638299cc0e9f035507924b9b8a115a02eb?s=96&d=mm&r=g","caption":"Kari Anne Skjaak"},"url":"https:\/\/diktardagar.no\/2013\/author\/kaskjaak\/"}]}},"_links":{"self":[{"href":"https:\/\/diktardagar.no\/2013\/wp-json\/wp\/v2\/posts\/2837","targetHints":{"allow":["GET"]}}],"collection":[{"href":"https:\/\/diktardagar.no\/2013\/wp-json\/wp\/v2\/posts"}],"about":[{"href":"https:\/\/diktardagar.no\/2013\/wp-json\/wp\/v2\/types\/post"}],"author":[{"embeddable":true,"href":"https:\/\/diktardagar.no\/2013\/wp-json\/wp\/v2\/users\/127"}],"replies":[{"embeddable":true,"href":"https:\/\/diktardagar.no\/2013\/wp-json\/wp\/v2\/comments?post=2837"}],"version-history":[{"count":2,"href":"https:\/\/diktardagar.no\/2013\/wp-json\/wp\/v2\/posts\/2837\/revisions"}],"predecessor-version":[{"id":2841,"href":"https:\/\/diktardagar.no\/2013\/wp-json\/wp\/v2\/posts\/2837\/revisions\/2841"}],"wp:featuredmedia":[{"embeddable":true,"href":"https:\/\/diktardagar.no\/2013\/wp-json\/wp\/v2\/media\/2839"}],"wp:attachment":[{"href":"https:\/\/diktardagar.no\/2013\/wp-json\/wp\/v2\/media?parent=2837"}],"wp:term":[{"taxonomy":"category","embeddable":true,"href":"https:\/\/diktardagar.no\/2013\/wp-json\/wp\/v2\/categories?post=2837"},{"taxonomy":"post_tag","embeddable":true,"href":"https:\/\/diktardagar.no\/2013\/wp-json\/wp\/v2\/tags?post=2837"}],"curies":[{"name":"wp","href":"https:\/\/api.w.org\/{rel}","templated":true}]}}