{"id":2472,"date":"2018-04-27T09:08:01","date_gmt":"2018-04-27T07:08:01","guid":{"rendered":"https:\/\/diktardagar.no\/2013\/?p=2472"},"modified":"2018-04-27T10:00:37","modified_gmt":"2018-04-27T08:00:37","slug":"sigrid-moldestad-til-diktardagar","status":"publish","type":"post","link":"https:\/\/diktardagar.no\/2013\/sigrid-moldestad-til-diktardagar\/","title":{"rendered":"Sigrid Moldestad til Diktardagar"},"content":{"rendered":"<div id=\"attachment_2486\" style=\"width: 210px\" class=\"wp-caption alignleft\"><a href=\"https:\/\/diktardagar.no\/2013\/wp-content\/uploads\/sites\/13\/2018\/04\/SigridMoldestad_Promo_06.jpg\"><img loading=\"lazy\" decoding=\"async\" aria-describedby=\"caption-attachment-2486\" class=\"size-medium wp-image-2486\" src=\"https:\/\/diktardagar.no\/2013\/wp-content\/uploads\/sites\/13\/2018\/04\/SigridMoldestad_Promo_06-200x300.jpg\" alt=\"\" width=\"200\" height=\"300\" srcset=\"https:\/\/diktardagar.no\/2013\/wp-content\/uploads\/sites\/13\/2018\/04\/SigridMoldestad_Promo_06-200x300.jpg 200w, https:\/\/diktardagar.no\/2013\/wp-content\/uploads\/sites\/13\/2018\/04\/SigridMoldestad_Promo_06.jpg 683w\" sizes=\"auto, (max-width: 200px) 100vw, 200px\" \/><\/a><p id=\"caption-attachment-2486\" class=\"wp-caption-text\">Foto: \u00d8ystein Haara<\/p><\/div>\n<p>Songaren og felespelaren Sigrid Moldestad gjestar Diktardagar att i 2018. Saman med andre musikarar skal ho ha konsert p\u00e5 festkvelden i Utgard i Lom laurdag 1. september. Moldestad var ogs\u00e5 med i 2014, da opna ho Diktardagar med konsert i Skj\u00e5k kyrkje. Same \u00e5ret gav ho ut <span style=\"display: inline !important; float: none; background-color: transparent; color: #666666; cursor: text; font-family: 'Open Sans',Arial,sans-serif; font-size: 14px; font-style: normal; font-variant: normal; font-weight: 500; letter-spacing: normal; orphans: 2; text-align: left; text-decoration: none; text-indent: 0px; text-transform: none; -webkit-text-stroke-width: 0px; white-space: normal; word-spacing: 0px;\">&laquo;Brevet til kj\u00e6rleiken&raquo;, med tekstar av Jan-Magnus Bruheim, ei plate som hausta sv\u00e6rt mange lovord og gode kritikkar.\u00a0<\/span><\/p>\n<p>Mellom anna skreiv VG:<\/p>\n<p><em>P\u00e5 selveste Valentindagen slipper denne erfarne og allsidige folkemusikeren sin fjerde utgivelse, med ny musikk til dikt av Jan Magnus Bruheim i anledning dikterens hundre\u00e5rsjubileum.<\/em><\/p>\n<p class=\"_2gLYl\" data-reactid=\"347\"><em>Tekstene er sterke, og favner kj\u00e6rlighetens mange nyanser fra ungdommelig lengsel til alderdommens ettertanke.<a href=\"https:\/\/diktardagar.no\/2013\/wp-content\/uploads\/sites\/13\/2018\/04\/brevet-til-kj\u00e6rleiken.png\"><img loading=\"lazy\" decoding=\"async\" class=\"alignright size-medium wp-image-2473\" src=\"https:\/\/diktardagar.no\/2013\/wp-content\/uploads\/sites\/13\/2018\/04\/brevet-til-kj\u00e6rleiken-300x168.png\" alt=\"\" width=\"300\" height=\"168\" \/><\/a><\/em><\/p>\n<p class=\"_2gLYl\" data-reactid=\"348\"><em>Og Moldestads musikk er simpelthen nydelig, det samme gjelder produksjonen. Hun synger med en moden, overbevisende klarhet. Musikere som Kato \u00c5dland, Sigbj\u00f8rn Apeland, K\u00e5re Oppheim og Anders R\u00f8ine rammer hennes sang og felespill inn i et samtidsuttrykk med elementer av norsk, keltisk og nordamerikansk folkemusikk.<\/em><\/p>\n<p class=\"_2gLYl\" data-reactid=\"349\"><em>\u00abBrevet til kj\u00e6rleiken\u00bb trumfer b\u00e5de konfekt, smykker og roser i dag.<\/em><\/p>\n<p><span style=\"display: inline !important; float: none; background-color: transparent; color: #666666; cursor: text; font-family: 'Open Sans',Arial,sans-serif; font-size: 14px; font-style: normal; font-variant: normal; font-weight: 500; letter-spacing: normal; orphans: 2; text-align: left; text-decoration: none; text-indent: 0px; text-transform: none; -webkit-text-stroke-width: 0px; white-space: normal; word-spacing: 0px;\">I 2017 feira ho ti-\u00e5rsjubileum som artist med plata &laquo;Vere her&raquo;, der hennar eigne tekstar f\u00e5r stor plass. Om denne plata skriv folkemusikk.no:<\/span><\/p>\n<p><em>Moldestad har n\u00e5 gjeve ut si soloplate nummer fem, og har hoppa rett i armane p\u00e5 kjernepublikummet sitt med det eg meiner er den beste plata ho har gjeve ut til n\u00e5. Mykje av grunnen til det er eit ljodbilete som er n\u00e6r perfekt, ypparleg produsert av Yngve Leidulv S\u00e6tre. Han har fylgt den gode oppskrifta p\u00e5 korleis ein produserer popmusikk i dag, og lagt til ein d\u00e6sj av det s\u00e6rpreget som passar songen til Moldestad som hand i heimestrikka selbuvott.<\/em><\/p>\n<p><em>Songen er n\u00e6r og god, ikkje p\u00e5trengande, men meir som ei trygg samtalepartnar og ei god ven. Moldestad skrik ikkje ut songane, nei, ho till\u00e8t seg \u00e5 vere n\u00e6r og personleg. Av og til gl\u00f8ymer du at ho syng og det verkar heller som ho snakkar venleg til deg, og ber deg fylgje med.<\/em><\/p>\n<p>I august har Moldestad ogs\u00e5 konsert i Botnane i Bremanger kommune, i samband med opninga av ein ny diktarstig med tekstar av Jan-Magnus Bruheim.<\/p>\n<p>&nbsp;<\/p>\n","protected":false},"excerpt":{"rendered":"<p>Songaren og felespelaren Sigrid Moldestad gjestar Diktardagar att i 2018. Saman med andre musikarar skal ho ha konsert p\u00e5 festkvelden i Utgard i Lom laurdag 1. september. <\/p>\n","protected":false},"author":54,"featured_media":2486,"comment_status":"closed","ping_status":"open","sticky":false,"template":"","format":"standard","meta":{"footnotes":""},"categories":[],"tags":[],"class_list":["post-2472","post","type-post","status-publish","format-standard","has-post-thumbnail","hentry"],"yoast_head":"<!-- This site is optimized with the Yoast SEO plugin v27.5 - https:\/\/yoast.com\/product\/yoast-seo-wordpress\/ -->\n<title>Sigrid Moldestad til Diktardagar - Diktardagar 2013<\/title>\n<meta name=\"robots\" content=\"index, follow, max-snippet:-1, max-image-preview:large, max-video-preview:-1\" \/>\n<link rel=\"canonical\" href=\"https:\/\/diktardagar.no\/2013\/sigrid-moldestad-til-diktardagar\/\" class=\"yoast-seo-meta-tag\" \/>\n<meta property=\"og:locale\" content=\"nb_NO\" class=\"yoast-seo-meta-tag\" \/>\n<meta property=\"og:type\" content=\"article\" class=\"yoast-seo-meta-tag\" \/>\n<meta property=\"og:title\" content=\"Sigrid Moldestad til Diktardagar - Diktardagar 2013\" class=\"yoast-seo-meta-tag\" \/>\n<meta property=\"og:description\" content=\"Songaren og felespelaren Sigrid Moldestad gjestar Diktardagar att i 2018. Saman med andre musikarar skal ho ha konsert p\u00e5 festkvelden i Utgard i Lom laurdag 1. september.\" class=\"yoast-seo-meta-tag\" \/>\n<meta property=\"og:url\" content=\"https:\/\/diktardagar.no\/2013\/sigrid-moldestad-til-diktardagar\/\" class=\"yoast-seo-meta-tag\" \/>\n<meta property=\"og:site_name\" content=\"Diktardagar 2013\" class=\"yoast-seo-meta-tag\" \/>\n<meta property=\"article:published_time\" content=\"2018-04-27T07:08:01+00:00\" class=\"yoast-seo-meta-tag\" \/>\n<meta property=\"article:modified_time\" content=\"2018-04-27T08:00:37+00:00\" class=\"yoast-seo-meta-tag\" \/>\n<meta property=\"og:image\" content=\"https:\/\/diktardagar.no\/2013\/wp-content\/uploads\/sites\/13\/2018\/04\/SigridMoldestad_Promo_06.jpg\" class=\"yoast-seo-meta-tag\" \/>\n\t<meta property=\"og:image:width\" content=\"683\" class=\"yoast-seo-meta-tag\" \/>\n\t<meta property=\"og:image:height\" content=\"1024\" class=\"yoast-seo-meta-tag\" \/>\n\t<meta property=\"og:image:type\" content=\"image\/jpeg\" class=\"yoast-seo-meta-tag\" \/>\n<meta name=\"author\" content=\"Magnhild Bruheim\" class=\"yoast-seo-meta-tag\" \/>\n<meta name=\"twitter:card\" content=\"summary_large_image\" class=\"yoast-seo-meta-tag\" \/>\n<meta name=\"twitter:label1\" content=\"Skrevet av\" class=\"yoast-seo-meta-tag\" \/>\n\t<meta name=\"twitter:data1\" content=\"Magnhild Bruheim\" class=\"yoast-seo-meta-tag\" \/>\n\t<meta name=\"twitter:label2\" content=\"Ansl. lesetid\" class=\"yoast-seo-meta-tag\" \/>\n\t<meta name=\"twitter:data2\" content=\"2 minutter\" class=\"yoast-seo-meta-tag\" \/>\n<script type=\"application\/ld+json\" class=\"yoast-schema-graph\">{\"@context\":\"https:\\\/\\\/schema.org\",\"@graph\":[{\"@type\":\"Article\",\"@id\":\"https:\\\/\\\/diktardagar.no\\\/2013\\\/sigrid-moldestad-til-diktardagar\\\/#article\",\"isPartOf\":{\"@id\":\"https:\\\/\\\/diktardagar.no\\\/2013\\\/sigrid-moldestad-til-diktardagar\\\/\"},\"author\":{\"name\":\"Magnhild Bruheim\",\"@id\":\"https:\\\/\\\/diktardagar.no\\\/2013\\\/#\\\/schema\\\/person\\\/40522a47109b689a050560507c96c551\"},\"headline\":\"Sigrid Moldestad til Diktardagar\",\"datePublished\":\"2018-04-27T07:08:01+00:00\",\"dateModified\":\"2018-04-27T08:00:37+00:00\",\"mainEntityOfPage\":{\"@id\":\"https:\\\/\\\/diktardagar.no\\\/2013\\\/sigrid-moldestad-til-diktardagar\\\/\"},\"wordCount\":378,\"image\":{\"@id\":\"https:\\\/\\\/diktardagar.no\\\/2013\\\/sigrid-moldestad-til-diktardagar\\\/#primaryimage\"},\"thumbnailUrl\":\"https:\\\/\\\/diktardagar.no\\\/2013\\\/wp-content\\\/uploads\\\/sites\\\/13\\\/2018\\\/04\\\/SigridMoldestad_Promo_06.jpg\",\"inLanguage\":\"nb-NO\"},{\"@type\":\"WebPage\",\"@id\":\"https:\\\/\\\/diktardagar.no\\\/2013\\\/sigrid-moldestad-til-diktardagar\\\/\",\"url\":\"https:\\\/\\\/diktardagar.no\\\/2013\\\/sigrid-moldestad-til-diktardagar\\\/\",\"name\":\"Sigrid Moldestad til Diktardagar - Diktardagar 2013\",\"isPartOf\":{\"@id\":\"https:\\\/\\\/diktardagar.no\\\/2013\\\/#website\"},\"primaryImageOfPage\":{\"@id\":\"https:\\\/\\\/diktardagar.no\\\/2013\\\/sigrid-moldestad-til-diktardagar\\\/#primaryimage\"},\"image\":{\"@id\":\"https:\\\/\\\/diktardagar.no\\\/2013\\\/sigrid-moldestad-til-diktardagar\\\/#primaryimage\"},\"thumbnailUrl\":\"https:\\\/\\\/diktardagar.no\\\/2013\\\/wp-content\\\/uploads\\\/sites\\\/13\\\/2018\\\/04\\\/SigridMoldestad_Promo_06.jpg\",\"datePublished\":\"2018-04-27T07:08:01+00:00\",\"dateModified\":\"2018-04-27T08:00:37+00:00\",\"author\":{\"@id\":\"https:\\\/\\\/diktardagar.no\\\/2013\\\/#\\\/schema\\\/person\\\/40522a47109b689a050560507c96c551\"},\"breadcrumb\":{\"@id\":\"https:\\\/\\\/diktardagar.no\\\/2013\\\/sigrid-moldestad-til-diktardagar\\\/#breadcrumb\"},\"inLanguage\":\"nb-NO\",\"potentialAction\":[{\"@type\":\"ReadAction\",\"target\":[\"https:\\\/\\\/diktardagar.no\\\/2013\\\/sigrid-moldestad-til-diktardagar\\\/\"]}]},{\"@type\":\"ImageObject\",\"inLanguage\":\"nb-NO\",\"@id\":\"https:\\\/\\\/diktardagar.no\\\/2013\\\/sigrid-moldestad-til-diktardagar\\\/#primaryimage\",\"url\":\"https:\\\/\\\/diktardagar.no\\\/2013\\\/wp-content\\\/uploads\\\/sites\\\/13\\\/2018\\\/04\\\/SigridMoldestad_Promo_06.jpg\",\"contentUrl\":\"https:\\\/\\\/diktardagar.no\\\/2013\\\/wp-content\\\/uploads\\\/sites\\\/13\\\/2018\\\/04\\\/SigridMoldestad_Promo_06.jpg\",\"width\":683,\"height\":1024,\"caption\":\"Foto: \u00d8ystein Haara\"},{\"@type\":\"BreadcrumbList\",\"@id\":\"https:\\\/\\\/diktardagar.no\\\/2013\\\/sigrid-moldestad-til-diktardagar\\\/#breadcrumb\",\"itemListElement\":[{\"@type\":\"ListItem\",\"position\":1,\"name\":\"Hjem\",\"item\":\"https:\\\/\\\/diktardagar.no\\\/2013\\\/\"},{\"@type\":\"ListItem\",\"position\":2,\"name\":\"Sigrid Moldestad til Diktardagar\"}]},{\"@type\":\"WebSite\",\"@id\":\"https:\\\/\\\/diktardagar.no\\\/2013\\\/#website\",\"url\":\"https:\\\/\\\/diktardagar.no\\\/2013\\\/\",\"name\":\"Diktardagar 2013\",\"description\":\"\",\"potentialAction\":[{\"@type\":\"SearchAction\",\"target\":{\"@type\":\"EntryPoint\",\"urlTemplate\":\"https:\\\/\\\/diktardagar.no\\\/2013\\\/?s={search_term_string}\"},\"query-input\":{\"@type\":\"PropertyValueSpecification\",\"valueRequired\":true,\"valueName\":\"search_term_string\"}}],\"inLanguage\":\"nb-NO\"},{\"@type\":\"Person\",\"@id\":\"https:\\\/\\\/diktardagar.no\\\/2013\\\/#\\\/schema\\\/person\\\/40522a47109b689a050560507c96c551\",\"name\":\"Magnhild Bruheim\",\"image\":{\"@type\":\"ImageObject\",\"inLanguage\":\"nb-NO\",\"@id\":\"https:\\\/\\\/secure.gravatar.com\\\/avatar\\\/afad326d9991c1e5bb40638b6610b18b14d273587105a8aa84987056ef8495b9?s=96&d=mm&r=g\",\"url\":\"https:\\\/\\\/secure.gravatar.com\\\/avatar\\\/afad326d9991c1e5bb40638b6610b18b14d273587105a8aa84987056ef8495b9?s=96&d=mm&r=g\",\"contentUrl\":\"https:\\\/\\\/secure.gravatar.com\\\/avatar\\\/afad326d9991c1e5bb40638b6610b18b14d273587105a8aa84987056ef8495b9?s=96&d=mm&r=g\",\"caption\":\"Magnhild Bruheim\"},\"url\":\"https:\\\/\\\/diktardagar.no\\\/2013\\\/author\\\/mbruhei\\\/\"}]}<\/script>\n<!-- \/ Yoast SEO plugin. -->","yoast_head_json":{"title":"Sigrid Moldestad til Diktardagar - Diktardagar 2013","robots":{"index":"index","follow":"follow","max-snippet":"max-snippet:-1","max-image-preview":"max-image-preview:large","max-video-preview":"max-video-preview:-1"},"canonical":"https:\/\/diktardagar.no\/2013\/sigrid-moldestad-til-diktardagar\/","og_locale":"nb_NO","og_type":"article","og_title":"Sigrid Moldestad til Diktardagar - Diktardagar 2013","og_description":"Songaren og felespelaren Sigrid Moldestad gjestar Diktardagar att i 2018. Saman med andre musikarar skal ho ha konsert p\u00e5 festkvelden i Utgard i Lom laurdag 1. september.","og_url":"https:\/\/diktardagar.no\/2013\/sigrid-moldestad-til-diktardagar\/","og_site_name":"Diktardagar 2013","article_published_time":"2018-04-27T07:08:01+00:00","article_modified_time":"2018-04-27T08:00:37+00:00","og_image":[{"width":683,"height":1024,"url":"https:\/\/diktardagar.no\/2013\/wp-content\/uploads\/sites\/13\/2018\/04\/SigridMoldestad_Promo_06.jpg","type":"image\/jpeg"}],"author":"Magnhild Bruheim","twitter_card":"summary_large_image","twitter_misc":{"Skrevet av":"Magnhild Bruheim","Ansl. lesetid":"2 minutter"},"schema":{"@context":"https:\/\/schema.org","@graph":[{"@type":"Article","@id":"https:\/\/diktardagar.no\/2013\/sigrid-moldestad-til-diktardagar\/#article","isPartOf":{"@id":"https:\/\/diktardagar.no\/2013\/sigrid-moldestad-til-diktardagar\/"},"author":{"name":"Magnhild Bruheim","@id":"https:\/\/diktardagar.no\/2013\/#\/schema\/person\/40522a47109b689a050560507c96c551"},"headline":"Sigrid Moldestad til Diktardagar","datePublished":"2018-04-27T07:08:01+00:00","dateModified":"2018-04-27T08:00:37+00:00","mainEntityOfPage":{"@id":"https:\/\/diktardagar.no\/2013\/sigrid-moldestad-til-diktardagar\/"},"wordCount":378,"image":{"@id":"https:\/\/diktardagar.no\/2013\/sigrid-moldestad-til-diktardagar\/#primaryimage"},"thumbnailUrl":"https:\/\/diktardagar.no\/2013\/wp-content\/uploads\/sites\/13\/2018\/04\/SigridMoldestad_Promo_06.jpg","inLanguage":"nb-NO"},{"@type":"WebPage","@id":"https:\/\/diktardagar.no\/2013\/sigrid-moldestad-til-diktardagar\/","url":"https:\/\/diktardagar.no\/2013\/sigrid-moldestad-til-diktardagar\/","name":"Sigrid Moldestad til Diktardagar - Diktardagar 2013","isPartOf":{"@id":"https:\/\/diktardagar.no\/2013\/#website"},"primaryImageOfPage":{"@id":"https:\/\/diktardagar.no\/2013\/sigrid-moldestad-til-diktardagar\/#primaryimage"},"image":{"@id":"https:\/\/diktardagar.no\/2013\/sigrid-moldestad-til-diktardagar\/#primaryimage"},"thumbnailUrl":"https:\/\/diktardagar.no\/2013\/wp-content\/uploads\/sites\/13\/2018\/04\/SigridMoldestad_Promo_06.jpg","datePublished":"2018-04-27T07:08:01+00:00","dateModified":"2018-04-27T08:00:37+00:00","author":{"@id":"https:\/\/diktardagar.no\/2013\/#\/schema\/person\/40522a47109b689a050560507c96c551"},"breadcrumb":{"@id":"https:\/\/diktardagar.no\/2013\/sigrid-moldestad-til-diktardagar\/#breadcrumb"},"inLanguage":"nb-NO","potentialAction":[{"@type":"ReadAction","target":["https:\/\/diktardagar.no\/2013\/sigrid-moldestad-til-diktardagar\/"]}]},{"@type":"ImageObject","inLanguage":"nb-NO","@id":"https:\/\/diktardagar.no\/2013\/sigrid-moldestad-til-diktardagar\/#primaryimage","url":"https:\/\/diktardagar.no\/2013\/wp-content\/uploads\/sites\/13\/2018\/04\/SigridMoldestad_Promo_06.jpg","contentUrl":"https:\/\/diktardagar.no\/2013\/wp-content\/uploads\/sites\/13\/2018\/04\/SigridMoldestad_Promo_06.jpg","width":683,"height":1024,"caption":"Foto: \u00d8ystein Haara"},{"@type":"BreadcrumbList","@id":"https:\/\/diktardagar.no\/2013\/sigrid-moldestad-til-diktardagar\/#breadcrumb","itemListElement":[{"@type":"ListItem","position":1,"name":"Hjem","item":"https:\/\/diktardagar.no\/2013\/"},{"@type":"ListItem","position":2,"name":"Sigrid Moldestad til Diktardagar"}]},{"@type":"WebSite","@id":"https:\/\/diktardagar.no\/2013\/#website","url":"https:\/\/diktardagar.no\/2013\/","name":"Diktardagar 2013","description":"","potentialAction":[{"@type":"SearchAction","target":{"@type":"EntryPoint","urlTemplate":"https:\/\/diktardagar.no\/2013\/?s={search_term_string}"},"query-input":{"@type":"PropertyValueSpecification","valueRequired":true,"valueName":"search_term_string"}}],"inLanguage":"nb-NO"},{"@type":"Person","@id":"https:\/\/diktardagar.no\/2013\/#\/schema\/person\/40522a47109b689a050560507c96c551","name":"Magnhild Bruheim","image":{"@type":"ImageObject","inLanguage":"nb-NO","@id":"https:\/\/secure.gravatar.com\/avatar\/afad326d9991c1e5bb40638b6610b18b14d273587105a8aa84987056ef8495b9?s=96&d=mm&r=g","url":"https:\/\/secure.gravatar.com\/avatar\/afad326d9991c1e5bb40638b6610b18b14d273587105a8aa84987056ef8495b9?s=96&d=mm&r=g","contentUrl":"https:\/\/secure.gravatar.com\/avatar\/afad326d9991c1e5bb40638b6610b18b14d273587105a8aa84987056ef8495b9?s=96&d=mm&r=g","caption":"Magnhild Bruheim"},"url":"https:\/\/diktardagar.no\/2013\/author\/mbruhei\/"}]}},"_links":{"self":[{"href":"https:\/\/diktardagar.no\/2013\/wp-json\/wp\/v2\/posts\/2472","targetHints":{"allow":["GET"]}}],"collection":[{"href":"https:\/\/diktardagar.no\/2013\/wp-json\/wp\/v2\/posts"}],"about":[{"href":"https:\/\/diktardagar.no\/2013\/wp-json\/wp\/v2\/types\/post"}],"author":[{"embeddable":true,"href":"https:\/\/diktardagar.no\/2013\/wp-json\/wp\/v2\/users\/54"}],"replies":[{"embeddable":true,"href":"https:\/\/diktardagar.no\/2013\/wp-json\/wp\/v2\/comments?post=2472"}],"version-history":[{"count":3,"href":"https:\/\/diktardagar.no\/2013\/wp-json\/wp\/v2\/posts\/2472\/revisions"}],"predecessor-version":[{"id":2488,"href":"https:\/\/diktardagar.no\/2013\/wp-json\/wp\/v2\/posts\/2472\/revisions\/2488"}],"wp:featuredmedia":[{"embeddable":true,"href":"https:\/\/diktardagar.no\/2013\/wp-json\/wp\/v2\/media\/2486"}],"wp:attachment":[{"href":"https:\/\/diktardagar.no\/2013\/wp-json\/wp\/v2\/media?parent=2472"}],"wp:term":[{"taxonomy":"category","embeddable":true,"href":"https:\/\/diktardagar.no\/2013\/wp-json\/wp\/v2\/categories?post=2472"},{"taxonomy":"post_tag","embeddable":true,"href":"https:\/\/diktardagar.no\/2013\/wp-json\/wp\/v2\/tags?post=2472"}],"curies":[{"name":"wp","href":"https:\/\/api.w.org\/{rel}","templated":true}]}}